{"id":6697,"date":"2022-09-05T06:32:36","date_gmt":"2022-09-05T06:32:36","guid":{"rendered":"https:\/\/www.ceramiche-piemme.com\/farben-und-materialien-neue-piemme-keramik-auf-der-cersaie\/"},"modified":"2023-10-17T13:17:02","modified_gmt":"2023-10-17T13:17:02","slug":"farben-und-materialien-neue-piemme-keramik-auf-der-cersaie","status":"publish","type":"post","link":"https:\/\/www.ceramiche-piemme.com\/de\/farben-und-materialien-neue-piemme-keramik-auf-der-cersaie\/","title":{"rendered":"FARBEN UND MATERIALIEN: NEUE PIEMME-KERAMIK AUF DER CERSAIE"},"content":{"rendered":"\t\t<div data-elementor-type=\"wp-post\" data-elementor-id=\"6697\" class=\"elementor elementor-6697 elementor-595\" data-elementor-post-type=\"post\">\n\t\t\t\t\t\t<section class=\"elementor-section elementor-top-section elementor-element elementor-element-418b5a4 elementor-section-boxed elementor-section-height-default elementor-section-height-default\" data-id=\"418b5a4\" data-element_type=\"section\">\n\t\t\t\t\t\t<div class=\"elementor-container elementor-column-gap-default\">\n\t\t\t\t\t<div class=\"elementor-column elementor-col-100 elementor-top-column elementor-element elementor-element-484657d0\" data-id=\"484657d0\" data-element_type=\"column\">\n\t\t\t<div class=\"elementor-widget-wrap elementor-element-populated\">\n\t\t\t\t\t\t<div class=\"elementor-element elementor-element-2ae7eb8c elementor-widget elementor-widget-text-editor\" data-id=\"2ae7eb8c\" data-element_type=\"widget\" data-widget_type=\"text-editor.default\">\n\t\t\t\t<div class=\"elementor-widget-container\">\n\t\t\t\t\t\t\t\t\t<h2>FARBEN UND MATERIALIEN: NEUE PIEMME-KERAMIK AUF DER CERSAIE<\/h2>\n<p>Natursteine, aber auch viel Farbe und ausgepr\u00e4gte Materialeffekte: das sind die Faktoren, die Made in Italy von Ceramiche Piemme auf der Cersaie in Bologna (26. \u2013 30. September 2022) charakterisieren.<\/p>\n<\/p>\n<p>Auf dem Stand der Firma aus Fiorano Modenese (Halle 37 A64 B63) steht die neue Fliesenlinie <strong>Homey<\/strong> aus Feinsteinzeug im Vordergrund: Dank ihrer warmen Farben und Schattierungen \u201eTon in Ton&#8221; l\u00e4sst sich in jeder Art von Umgebung mit gro\u00dfer Flexibilit\u00e4t gestalten. Weiche und ho-mogene Texturen oder geometrische 3D-Ziegelstrukturen sind in einer nat\u00fcrlichen Version oder mit einer noch gl\u00e4nzenderen Glasur, um die vollen Farbt\u00f6ne hervorzuheben, erh\u00e4ltlich. Zum An-fassen laden die Fliesen \u201eGlass&#8221; mit drittem Feuerdekor, das an buntes Bleiglas erinnert, ein.  <\/p>\n<\/p>\n<p>Die nat\u00fcrlichen, lichtdurchfluteten Farben Nordeuropas inspirieren die Kollektion <strong>Journey<\/strong>.<br \/>Die Drucktechnologie Synchro Digit Piemme bildet Wellen, Reliefs und alle m\u00f6glichen dreidimensi-onalen und taktilen Effekte von Stein in perfekter Synchronisation mit den digitalen Dekoren nach. Ein Verfahren, das die Keramik in ein neues Material verwandelt, das vom Original prak-tisch nicht zu unterscheiden ist. Die Kollektion Journey wird durch 3D-Strukturen f\u00fcr Wandver-kleidungen mit eleganten \u00c4derungen vervollst\u00e4ndigt, die nach und nach einen intensiveren Charakter annehmen k\u00f6nnen. Es stehen drei Oberfl\u00e4chen zur Verf\u00fcgung: natur (Natur), silk (Seide) oder antislip (antirutsch).   Letztere bildet den S\u00e4geeffekt auf der Oberfl\u00e4che der Steinplatten nach, mit unregelm\u00e4\u00dfigen Spuren, die Rutschfestigkeit bieten und dabei die weiche Haptik erhalten. Ideal f\u00fcr \u00f6ffentliche und gewerbliche R\u00e4ume sowie f\u00fcr Wellnessbereiche. <\/p>\n<\/p>\n<p>F\u00fcr den Contract-Sektor pr\u00e4sentiert Ceramiche Piemme <strong>Opus<\/strong>, frei inspiriert vom Cocciopesto, einem Material, das im Laufe der Jahrhunderte die Architektur des Mittelmeerraumes gepr\u00e4gt hat. Ein auff\u00e4lliger Verweis, der auf chromatischer Ebene in neutralen Farben gehalten ist, und in dem die klassischen, zum Rot tendierenden Schattierungen zugunsten eines zeitgem\u00e4\u00dferen Betoneffekts weichen, der vom hellen Opus Album bis zum dunkleren Opus Griseo reicht. Die typische Korngr\u00f6\u00dfe der Zementagglomerate \u2013 eine Textur, die sich durch extrem realistische Materialeffekte angereichert mit gl\u00e4nzenden Einschl\u00fcssen auf einem matten Hintergrund aus-zeichnet, \u2013 ist dem Original jedoch vollkommen treu.  <\/p>\n\t\t\t\t\t\t\t\t<\/div>\n\t\t\t\t<\/div>\n\t\t\t\t<div class=\"elementor-element elementor-element-63bc5896 elementor-share-buttons--view-icon elementor-share-buttons--shape-circle elementor-share-buttons--color-custom elementor-share-buttons--skin-gradient elementor-grid-0 elementor-widget elementor-widget-mdp-sharinger-elementor\" data-id=\"63bc5896\" data-element_type=\"widget\" data-widget_type=\"mdp-sharinger-elementor.default\">\n\t\t\t\t<div class=\"elementor-widget-container\">\n\t\t\t\t\t        <div class=\"elementor-grid mdp-sharinger\">\n                            <div class=\"elementor-grid-item\">\n                    <div class=\"elementor-share-btn elementor-share-btn_facebook elementor-animation-\" tabindex=\"0\" aria-label=\"Share on facebook\">\n                                                    <span class=\"elementor-share-btn__icon\">\n\t\t\t\t\t\t\t\t<i class=\"fab fa-facebook\" aria-hidden=\"true\"><\/i>\t\t\t\t\t\t\t<\/span>\n                                                                    <\/div>\n                <\/div>\n                                <div class=\"elementor-grid-item\">\n                    <div class=\"elementor-share-btn elementor-share-btn_twitter elementor-animation-\" tabindex=\"0\" aria-label=\"Share on twitter\">\n                                                    <span class=\"elementor-share-btn__icon\">\n\t\t\t\t\t\t\t\t<i class=\"fab fa-twitter\" aria-hidden=\"true\"><\/i>\t\t\t\t\t\t\t<\/span>\n                                                                    <\/div>\n                <\/div>\n                                <div class=\"elementor-grid-item\">\n                    <div class=\"elementor-share-btn elementor-share-btn_pinterest elementor-animation-\" tabindex=\"0\" aria-label=\"Share on pinterest\">\n                                                    <span class=\"elementor-share-btn__icon\">\n\t\t\t\t\t\t\t\t<i class=\"fab fa-pinterest\" aria-hidden=\"true\"><\/i>\t\t\t\t\t\t\t<\/span>\n                                                                    <\/div>\n                <\/div>\n                                <div class=\"elementor-grid-item\">\n                    <div class=\"elementor-share-btn elementor-share-btn_linkedin elementor-animation-\" tabindex=\"0\" aria-label=\"Share on linkedin\">\n                                                    <span class=\"elementor-share-btn__icon\">\n\t\t\t\t\t\t\t\t<i class=\"fab fa-linkedin\" aria-hidden=\"true\"><\/i>\t\t\t\t\t\t\t<\/span>\n                                                                    <\/div>\n                <\/div>\n                        <\/div>\n        \t\t\t\t<\/div>\n\t\t\t\t<\/div>\n\t\t\t\t<div class=\"elementor-element elementor-element-320cd530 elementor-widget elementor-widget-spacer\" data-id=\"320cd530\" data-element_type=\"widget\" data-widget_type=\"spacer.default\">\n\t\t\t\t<div class=\"elementor-widget-container\">\n\t\t\t\t\t\t\t<div class=\"elementor-spacer\">\n\t\t\t<div class=\"elementor-spacer-inner\"><\/div>\n\t\t<\/div>\n\t\t\t\t\t\t<\/div>\n\t\t\t\t<\/div>\n\t\t\t\t\t<\/div>\n\t\t<\/div>\n\t\t\t\t\t<\/div>\n\t\t<\/section>\n\t\t\t\t<\/div>\n\t\t","protected":false},"excerpt":{"rendered":"<p>FARBEN UND MATERIALIEN: NEUE PIEMME-KERAMIK AUF DER CERSAIE Natursteine, aber auch viel Farbe und ausgepr\u00e4gte Materialeffekte: das sind die Faktoren, die Made in Italy von Ceramiche<span class=\"excerpt-hellip\"> [\u2026]<\/span><\/p>\n","protected":false},"author":1,"featured_media":6698,"comment_status":"open","ping_status":"open","sticky":false,"template":"","format":"standard","meta":{"_monsterinsights_skip_tracking":false,"_monsterinsights_sitenote_active":false,"_monsterinsights_sitenote_note":"","_monsterinsights_sitenote_category":0,"_uf_show_specific_survey":0,"_uf_disable_surveys":false,"footnotes":""},"categories":[396],"tags":[],"class_list":["post-6697","post","type-post","status-publish","format-standard","has-post-thumbnail","hentry","category-nachrichten"],"aioseo_notices":[],"yoast_head":"<!-- This site is optimized with the Yoast SEO plugin v25.3 - https:\/\/yoast.com\/wordpress\/plugins\/seo\/ -->\n<title>FARBEN UND MATERIALIEN: NEUE PIEMME-KERAMIK AUF DER CERSAIE - Ceramiche Piemme<\/title>\n<meta name=\"robots\" content=\"index, follow, max-snippet:-1, max-image-preview:large, max-video-preview:-1\" \/>\n<link rel=\"canonical\" href=\"https:\/\/www.ceramiche-piemme.com\/de\/farben-und-materialien-neue-piemme-keramik-auf-der-cersaie\/\" \/>\n<meta property=\"og:locale\" content=\"de_DE\" \/>\n<meta property=\"og:type\" content=\"article\" \/>\n<meta property=\"og:title\" content=\"FARBEN UND MATERIALIEN: NEUE PIEMME-KERAMIK AUF DER CERSAIE - Ceramiche Piemme\" \/>\n<meta property=\"og:description\" content=\"FARBEN UND MATERIALIEN: NEUE PIEMME-KERAMIK AUF DER CERSAIE Natursteine, aber auch viel Farbe und ausgepr\u00e4gte Materialeffekte: das sind die Faktoren, die Made in Italy von Ceramiche [\u2026]\" \/>\n<meta property=\"og:url\" content=\"https:\/\/www.ceramiche-piemme.com\/de\/farben-und-materialien-neue-piemme-keramik-auf-der-cersaie\/\" \/>\n<meta property=\"og:site_name\" content=\"Ceramiche Piemme\" \/>\n<meta property=\"article:publisher\" content=\"https:\/\/www.facebook.com\/CeramichePiemme\/\" \/>\n<meta property=\"article:published_time\" content=\"2022-09-05T06:32:36+00:00\" \/>\n<meta property=\"article:modified_time\" content=\"2023-10-17T13:17:02+00:00\" \/>\n<meta property=\"og:image\" content=\"https:\/\/www.ceramiche-piemme.com\/wp-content\/uploads\/2023\/06\/ceramiche-piemme-homey.jpeg\" \/>\n\t<meta property=\"og:image:width\" content=\"800\" \/>\n\t<meta property=\"og:image:height\" content=\"533\" \/>\n\t<meta property=\"og:image:type\" content=\"image\/jpeg\" \/>\n<meta name=\"author\" content=\"fabio.lodirizzini@gmail.com\" \/>\n<meta name=\"twitter:card\" content=\"summary_large_image\" \/>\n<meta name=\"twitter:creator\" content=\"@CeramichePiemme\" \/>\n<meta name=\"twitter:site\" content=\"@CeramichePiemme\" \/>\n<meta name=\"twitter:label1\" content=\"Verfasst von\" \/>\n\t<meta name=\"twitter:data1\" content=\"fabio.lodirizzini@gmail.com\" \/>\n\t<meta name=\"twitter:label2\" content=\"Gesch\u00e4tzte Lesezeit\" \/>\n\t<meta name=\"twitter:data2\" content=\"2\u00a0Minuten\" \/>\n<script type=\"application\/ld+json\" class=\"yoast-schema-graph\">{\"@context\":\"https:\/\/schema.org\",\"@graph\":[{\"@type\":\"Article\",\"@id\":\"https:\/\/www.ceramiche-piemme.com\/de\/farben-und-materialien-neue-piemme-keramik-auf-der-cersaie\/#article\",\"isPartOf\":{\"@id\":\"https:\/\/www.ceramiche-piemme.com\/de\/farben-und-materialien-neue-piemme-keramik-auf-der-cersaie\/\"},\"author\":{\"name\":\"fabio.lodirizzini@gmail.com\",\"@id\":\"https:\/\/www.ceramiche-piemme.com\/de\/#\/schema\/person\/008ed7c8109a1d83d7c5132a72fa85c1\"},\"headline\":\"FARBEN UND MATERIALIEN: NEUE PIEMME-KERAMIK AUF DER CERSAIE\",\"datePublished\":\"2022-09-05T06:32:36+00:00\",\"dateModified\":\"2023-10-17T13:17:02+00:00\",\"mainEntityOfPage\":{\"@id\":\"https:\/\/www.ceramiche-piemme.com\/de\/farben-und-materialien-neue-piemme-keramik-auf-der-cersaie\/\"},\"wordCount\":356,\"commentCount\":0,\"publisher\":{\"@id\":\"https:\/\/www.ceramiche-piemme.com\/de\/#organization\"},\"image\":{\"@id\":\"https:\/\/www.ceramiche-piemme.com\/de\/farben-und-materialien-neue-piemme-keramik-auf-der-cersaie\/#primaryimage\"},\"thumbnailUrl\":\"https:\/\/www.ceramiche-piemme.com\/wp-content\/uploads\/2023\/06\/ceramiche-piemme-homey.jpeg\",\"articleSection\":[\"NACHRICHTEN\"],\"inLanguage\":\"de\",\"potentialAction\":[{\"@type\":\"CommentAction\",\"name\":\"Comment\",\"target\":[\"https:\/\/www.ceramiche-piemme.com\/de\/farben-und-materialien-neue-piemme-keramik-auf-der-cersaie\/#respond\"]}]},{\"@type\":\"WebPage\",\"@id\":\"https:\/\/www.ceramiche-piemme.com\/de\/farben-und-materialien-neue-piemme-keramik-auf-der-cersaie\/\",\"url\":\"https:\/\/www.ceramiche-piemme.com\/de\/farben-und-materialien-neue-piemme-keramik-auf-der-cersaie\/\",\"name\":\"FARBEN UND MATERIALIEN: NEUE PIEMME-KERAMIK AUF DER CERSAIE - Ceramiche Piemme\",\"isPartOf\":{\"@id\":\"https:\/\/www.ceramiche-piemme.com\/de\/#website\"},\"primaryImageOfPage\":{\"@id\":\"https:\/\/www.ceramiche-piemme.com\/de\/farben-und-materialien-neue-piemme-keramik-auf-der-cersaie\/#primaryimage\"},\"image\":{\"@id\":\"https:\/\/www.ceramiche-piemme.com\/de\/farben-und-materialien-neue-piemme-keramik-auf-der-cersaie\/#primaryimage\"},\"thumbnailUrl\":\"https:\/\/www.ceramiche-piemme.com\/wp-content\/uploads\/2023\/06\/ceramiche-piemme-homey.jpeg\",\"datePublished\":\"2022-09-05T06:32:36+00:00\",\"dateModified\":\"2023-10-17T13:17:02+00:00\",\"breadcrumb\":{\"@id\":\"https:\/\/www.ceramiche-piemme.com\/de\/farben-und-materialien-neue-piemme-keramik-auf-der-cersaie\/#breadcrumb\"},\"inLanguage\":\"de\",\"potentialAction\":[{\"@type\":\"ReadAction\",\"target\":[\"https:\/\/www.ceramiche-piemme.com\/de\/farben-und-materialien-neue-piemme-keramik-auf-der-cersaie\/\"]}]},{\"@type\":\"ImageObject\",\"inLanguage\":\"de\",\"@id\":\"https:\/\/www.ceramiche-piemme.com\/de\/farben-und-materialien-neue-piemme-keramik-auf-der-cersaie\/#primaryimage\",\"url\":\"https:\/\/www.ceramiche-piemme.com\/wp-content\/uploads\/2023\/06\/ceramiche-piemme-homey.jpeg\",\"contentUrl\":\"https:\/\/www.ceramiche-piemme.com\/wp-content\/uploads\/2023\/06\/ceramiche-piemme-homey.jpeg\",\"width\":800,\"height\":533},{\"@type\":\"BreadcrumbList\",\"@id\":\"https:\/\/www.ceramiche-piemme.com\/de\/farben-und-materialien-neue-piemme-keramik-auf-der-cersaie\/#breadcrumb\",\"itemListElement\":[{\"@type\":\"ListItem\",\"position\":1,\"name\":\"Ceramiche Piemme\",\"item\":\"https:\/\/www.ceramiche-piemme.com\/de\/\"},{\"@type\":\"ListItem\",\"position\":2,\"name\":\"FARBEN UND MATERIALIEN: NEUE PIEMME-KERAMIK AUF DER CERSAIE\"}]},{\"@type\":\"WebSite\",\"@id\":\"https:\/\/www.ceramiche-piemme.com\/de\/#website\",\"url\":\"https:\/\/www.ceramiche-piemme.com\/de\/\",\"name\":\"Ceramiche Piemme\",\"description\":\"Ceramiche Piemme: Gres Porcellanato Made in Italy dal 1962\",\"publisher\":{\"@id\":\"https:\/\/www.ceramiche-piemme.com\/de\/#organization\"},\"potentialAction\":[{\"@type\":\"SearchAction\",\"target\":{\"@type\":\"EntryPoint\",\"urlTemplate\":\"https:\/\/www.ceramiche-piemme.com\/de\/?s={search_term_string}\"},\"query-input\":{\"@type\":\"PropertyValueSpecification\",\"valueRequired\":true,\"valueName\":\"search_term_string\"}}],\"inLanguage\":\"de\"},{\"@type\":\"Organization\",\"@id\":\"https:\/\/www.ceramiche-piemme.com\/de\/#organization\",\"name\":\"Ceramiche Piemme\",\"url\":\"https:\/\/www.ceramiche-piemme.com\/de\/\",\"logo\":{\"@type\":\"ImageObject\",\"inLanguage\":\"de\",\"@id\":\"https:\/\/www.ceramiche-piemme.com\/de\/#\/schema\/logo\/image\/\",\"url\":\"http:\/\/www.ceramiche-piemme.com\/wp-content\/uploads\/2023\/06\/logo.jpg\",\"contentUrl\":\"http:\/\/www.ceramiche-piemme.com\/wp-content\/uploads\/2023\/06\/logo.jpg\",\"width\":522,\"height\":87,\"caption\":\"Ceramiche Piemme\"},\"image\":{\"@id\":\"https:\/\/www.ceramiche-piemme.com\/de\/#\/schema\/logo\/image\/\"},\"sameAs\":[\"https:\/\/www.facebook.com\/CeramichePiemme\/\",\"https:\/\/x.com\/CeramichePiemme\",\"https:\/\/it.pinterest.com\/ceramichepiemme\/\",\"https:\/\/www.youtube.com\/user\/CERAMICHEPIEMME\",\"https:\/\/www.instagram.com\/ceramichepiemme\/\",\"https:\/\/www.linkedin.com\/company\/9676212\/\",\"https:\/\/vimeo.com\/ceramichepiemme\"]},{\"@type\":\"Person\",\"@id\":\"https:\/\/www.ceramiche-piemme.com\/de\/#\/schema\/person\/008ed7c8109a1d83d7c5132a72fa85c1\",\"name\":\"fabio.lodirizzini@gmail.com\",\"image\":{\"@type\":\"ImageObject\",\"inLanguage\":\"de\",\"@id\":\"https:\/\/www.ceramiche-piemme.com\/de\/#\/schema\/person\/image\/\",\"url\":\"https:\/\/secure.gravatar.com\/avatar\/9cd984998641e64eb557146bda0c021a407372d91e93b27ac8c9c54ed4f4b3fc?s=96&d=mm&r=g\",\"contentUrl\":\"https:\/\/secure.gravatar.com\/avatar\/9cd984998641e64eb557146bda0c021a407372d91e93b27ac8c9c54ed4f4b3fc?s=96&d=mm&r=g\",\"caption\":\"fabio.lodirizzini@gmail.com\"}}]}<\/script>\n<!-- \/ Yoast SEO plugin. -->","yoast_head_json":{"title":"FARBEN UND MATERIALIEN: NEUE PIEMME-KERAMIK AUF DER CERSAIE - Ceramiche Piemme","robots":{"index":"index","follow":"follow","max-snippet":"max-snippet:-1","max-image-preview":"max-image-preview:large","max-video-preview":"max-video-preview:-1"},"canonical":"https:\/\/www.ceramiche-piemme.com\/de\/farben-und-materialien-neue-piemme-keramik-auf-der-cersaie\/","og_locale":"de_DE","og_type":"article","og_title":"FARBEN UND MATERIALIEN: NEUE PIEMME-KERAMIK AUF DER CERSAIE - Ceramiche Piemme","og_description":"FARBEN UND MATERIALIEN: NEUE PIEMME-KERAMIK AUF DER CERSAIE Natursteine, aber auch viel Farbe und ausgepr\u00e4gte Materialeffekte: das sind die Faktoren, die Made in Italy von Ceramiche [\u2026]","og_url":"https:\/\/www.ceramiche-piemme.com\/de\/farben-und-materialien-neue-piemme-keramik-auf-der-cersaie\/","og_site_name":"Ceramiche Piemme","article_publisher":"https:\/\/www.facebook.com\/CeramichePiemme\/","article_published_time":"2022-09-05T06:32:36+00:00","article_modified_time":"2023-10-17T13:17:02+00:00","og_image":[{"width":800,"height":533,"url":"https:\/\/www.ceramiche-piemme.com\/wp-content\/uploads\/2023\/06\/ceramiche-piemme-homey.jpeg","type":"image\/jpeg"}],"author":"fabio.lodirizzini@gmail.com","twitter_card":"summary_large_image","twitter_creator":"@CeramichePiemme","twitter_site":"@CeramichePiemme","twitter_misc":{"Verfasst von":"fabio.lodirizzini@gmail.com","Gesch\u00e4tzte Lesezeit":"2\u00a0Minuten"},"schema":{"@context":"https:\/\/schema.org","@graph":[{"@type":"Article","@id":"https:\/\/www.ceramiche-piemme.com\/de\/farben-und-materialien-neue-piemme-keramik-auf-der-cersaie\/#article","isPartOf":{"@id":"https:\/\/www.ceramiche-piemme.com\/de\/farben-und-materialien-neue-piemme-keramik-auf-der-cersaie\/"},"author":{"name":"fabio.lodirizzini@gmail.com","@id":"https:\/\/www.ceramiche-piemme.com\/de\/#\/schema\/person\/008ed7c8109a1d83d7c5132a72fa85c1"},"headline":"FARBEN UND MATERIALIEN: NEUE PIEMME-KERAMIK AUF DER CERSAIE","datePublished":"2022-09-05T06:32:36+00:00","dateModified":"2023-10-17T13:17:02+00:00","mainEntityOfPage":{"@id":"https:\/\/www.ceramiche-piemme.com\/de\/farben-und-materialien-neue-piemme-keramik-auf-der-cersaie\/"},"wordCount":356,"commentCount":0,"publisher":{"@id":"https:\/\/www.ceramiche-piemme.com\/de\/#organization"},"image":{"@id":"https:\/\/www.ceramiche-piemme.com\/de\/farben-und-materialien-neue-piemme-keramik-auf-der-cersaie\/#primaryimage"},"thumbnailUrl":"https:\/\/www.ceramiche-piemme.com\/wp-content\/uploads\/2023\/06\/ceramiche-piemme-homey.jpeg","articleSection":["NACHRICHTEN"],"inLanguage":"de","potentialAction":[{"@type":"CommentAction","name":"Comment","target":["https:\/\/www.ceramiche-piemme.com\/de\/farben-und-materialien-neue-piemme-keramik-auf-der-cersaie\/#respond"]}]},{"@type":"WebPage","@id":"https:\/\/www.ceramiche-piemme.com\/de\/farben-und-materialien-neue-piemme-keramik-auf-der-cersaie\/","url":"https:\/\/www.ceramiche-piemme.com\/de\/farben-und-materialien-neue-piemme-keramik-auf-der-cersaie\/","name":"FARBEN UND MATERIALIEN: NEUE PIEMME-KERAMIK AUF DER CERSAIE - Ceramiche Piemme","isPartOf":{"@id":"https:\/\/www.ceramiche-piemme.com\/de\/#website"},"primaryImageOfPage":{"@id":"https:\/\/www.ceramiche-piemme.com\/de\/farben-und-materialien-neue-piemme-keramik-auf-der-cersaie\/#primaryimage"},"image":{"@id":"https:\/\/www.ceramiche-piemme.com\/de\/farben-und-materialien-neue-piemme-keramik-auf-der-cersaie\/#primaryimage"},"thumbnailUrl":"https:\/\/www.ceramiche-piemme.com\/wp-content\/uploads\/2023\/06\/ceramiche-piemme-homey.jpeg","datePublished":"2022-09-05T06:32:36+00:00","dateModified":"2023-10-17T13:17:02+00:00","breadcrumb":{"@id":"https:\/\/www.ceramiche-piemme.com\/de\/farben-und-materialien-neue-piemme-keramik-auf-der-cersaie\/#breadcrumb"},"inLanguage":"de","potentialAction":[{"@type":"ReadAction","target":["https:\/\/www.ceramiche-piemme.com\/de\/farben-und-materialien-neue-piemme-keramik-auf-der-cersaie\/"]}]},{"@type":"ImageObject","inLanguage":"de","@id":"https:\/\/www.ceramiche-piemme.com\/de\/farben-und-materialien-neue-piemme-keramik-auf-der-cersaie\/#primaryimage","url":"https:\/\/www.ceramiche-piemme.com\/wp-content\/uploads\/2023\/06\/ceramiche-piemme-homey.jpeg","contentUrl":"https:\/\/www.ceramiche-piemme.com\/wp-content\/uploads\/2023\/06\/ceramiche-piemme-homey.jpeg","width":800,"height":533},{"@type":"BreadcrumbList","@id":"https:\/\/www.ceramiche-piemme.com\/de\/farben-und-materialien-neue-piemme-keramik-auf-der-cersaie\/#breadcrumb","itemListElement":[{"@type":"ListItem","position":1,"name":"Ceramiche Piemme","item":"https:\/\/www.ceramiche-piemme.com\/de\/"},{"@type":"ListItem","position":2,"name":"FARBEN UND MATERIALIEN: NEUE PIEMME-KERAMIK AUF DER CERSAIE"}]},{"@type":"WebSite","@id":"https:\/\/www.ceramiche-piemme.com\/de\/#website","url":"https:\/\/www.ceramiche-piemme.com\/de\/","name":"Ceramiche Piemme","description":"Ceramiche Piemme: Gres Porcellanato Made in Italy dal 1962","publisher":{"@id":"https:\/\/www.ceramiche-piemme.com\/de\/#organization"},"potentialAction":[{"@type":"SearchAction","target":{"@type":"EntryPoint","urlTemplate":"https:\/\/www.ceramiche-piemme.com\/de\/?s={search_term_string}"},"query-input":{"@type":"PropertyValueSpecification","valueRequired":true,"valueName":"search_term_string"}}],"inLanguage":"de"},{"@type":"Organization","@id":"https:\/\/www.ceramiche-piemme.com\/de\/#organization","name":"Ceramiche Piemme","url":"https:\/\/www.ceramiche-piemme.com\/de\/","logo":{"@type":"ImageObject","inLanguage":"de","@id":"https:\/\/www.ceramiche-piemme.com\/de\/#\/schema\/logo\/image\/","url":"http:\/\/www.ceramiche-piemme.com\/wp-content\/uploads\/2023\/06\/logo.jpg","contentUrl":"http:\/\/www.ceramiche-piemme.com\/wp-content\/uploads\/2023\/06\/logo.jpg","width":522,"height":87,"caption":"Ceramiche Piemme"},"image":{"@id":"https:\/\/www.ceramiche-piemme.com\/de\/#\/schema\/logo\/image\/"},"sameAs":["https:\/\/www.facebook.com\/CeramichePiemme\/","https:\/\/x.com\/CeramichePiemme","https:\/\/it.pinterest.com\/ceramichepiemme\/","https:\/\/www.youtube.com\/user\/CERAMICHEPIEMME","https:\/\/www.instagram.com\/ceramichepiemme\/","https:\/\/www.linkedin.com\/company\/9676212\/","https:\/\/vimeo.com\/ceramichepiemme"]},{"@type":"Person","@id":"https:\/\/www.ceramiche-piemme.com\/de\/#\/schema\/person\/008ed7c8109a1d83d7c5132a72fa85c1","name":"fabio.lodirizzini@gmail.com","image":{"@type":"ImageObject","inLanguage":"de","@id":"https:\/\/www.ceramiche-piemme.com\/de\/#\/schema\/person\/image\/","url":"https:\/\/secure.gravatar.com\/avatar\/9cd984998641e64eb557146bda0c021a407372d91e93b27ac8c9c54ed4f4b3fc?s=96&d=mm&r=g","contentUrl":"https:\/\/secure.gravatar.com\/avatar\/9cd984998641e64eb557146bda0c021a407372d91e93b27ac8c9c54ed4f4b3fc?s=96&d=mm&r=g","caption":"fabio.lodirizzini@gmail.com"}}]}},"_links":{"self":[{"href":"https:\/\/www.ceramiche-piemme.com\/de\/wp-json\/wp\/v2\/posts\/6697","targetHints":{"allow":["GET"]}}],"collection":[{"href":"https:\/\/www.ceramiche-piemme.com\/de\/wp-json\/wp\/v2\/posts"}],"about":[{"href":"https:\/\/www.ceramiche-piemme.com\/de\/wp-json\/wp\/v2\/types\/post"}],"author":[{"embeddable":true,"href":"https:\/\/www.ceramiche-piemme.com\/de\/wp-json\/wp\/v2\/users\/1"}],"replies":[{"embeddable":true,"href":"https:\/\/www.ceramiche-piemme.com\/de\/wp-json\/wp\/v2\/comments?post=6697"}],"version-history":[{"count":1,"href":"https:\/\/www.ceramiche-piemme.com\/de\/wp-json\/wp\/v2\/posts\/6697\/revisions"}],"predecessor-version":[{"id":6699,"href":"https:\/\/www.ceramiche-piemme.com\/de\/wp-json\/wp\/v2\/posts\/6697\/revisions\/6699"}],"wp:featuredmedia":[{"embeddable":true,"href":"https:\/\/www.ceramiche-piemme.com\/de\/wp-json\/wp\/v2\/media\/6698"}],"wp:attachment":[{"href":"https:\/\/www.ceramiche-piemme.com\/de\/wp-json\/wp\/v2\/media?parent=6697"}],"wp:term":[{"taxonomy":"category","embeddable":true,"href":"https:\/\/www.ceramiche-piemme.com\/de\/wp-json\/wp\/v2\/categories?post=6697"},{"taxonomy":"post_tag","embeddable":true,"href":"https:\/\/www.ceramiche-piemme.com\/de\/wp-json\/wp\/v2\/tags?post=6697"}],"curies":[{"name":"wp","href":"https:\/\/api.w.org\/{rel}","templated":true}]}}