{"id":6715,"date":"2021-10-18T10:54:25","date_gmt":"2021-10-18T10:54:25","guid":{"rendered":"https:\/\/www.ceramiche-piemme.com\/pietra-pece-aus-ragusa-fuer-die-neue-keramikserie-ibla\/"},"modified":"2023-10-17T13:28:45","modified_gmt":"2023-10-17T13:28:45","slug":"pietra-pece-aus-ragusa-fuer-die-neue-keramikserie-ibla","status":"publish","type":"post","link":"https:\/\/www.ceramiche-piemme.com\/de\/pietra-pece-aus-ragusa-fuer-die-neue-keramikserie-ibla\/","title":{"rendered":"\u201ePIETRA PECE\u201c AUS RAGUSA F\u00dcR DIE NEUE KERAMIKSERIE IBLA"},"content":{"rendered":"\t\t<div data-elementor-type=\"wp-post\" data-elementor-id=\"6715\" class=\"elementor elementor-6715 elementor-2212\" data-elementor-post-type=\"post\">\n\t\t\t\t\t\t<section class=\"elementor-section elementor-top-section elementor-element elementor-element-baa47e2 elementor-section-boxed elementor-section-height-default elementor-section-height-default\" data-id=\"baa47e2\" data-element_type=\"section\">\n\t\t\t\t\t\t<div class=\"elementor-container elementor-column-gap-default\">\n\t\t\t\t\t<div class=\"elementor-column elementor-col-100 elementor-top-column elementor-element elementor-element-2b228f2\" data-id=\"2b228f2\" data-element_type=\"column\">\n\t\t\t<div class=\"elementor-widget-wrap elementor-element-populated\">\n\t\t\t\t\t\t<div class=\"elementor-element elementor-element-dd1bd67 elementor-widget elementor-widget-text-editor\" data-id=\"dd1bd67\" data-element_type=\"widget\" data-widget_type=\"text-editor.default\">\n\t\t\t\t<div class=\"elementor-widget-container\">\n\t\t\t\t\t\t\t\t\t<h3 class=\"margin-b-40\">\u201ePIETRA PECE\u201c AUS RAGUSA F\u00dcR DIE NEUE KERAMIKSERIE IBLA<\/h3>\n<p>Es ist eine sizilianische Inspiration, die f\u00fcr die neue Feinsteinzeuglinie IBLA von Ceramiche Piemme Pate stand: Die \u00c4derung und Farben auf den Oberfl\u00e4chen der Fliesen (60 x 60 cm) und Platten (60 x 120 cm und die innovativen 30 x 120 cm) erwecken den Look des \u201eRagusa Pietra Pece\u201c zu neuem Leben \u2013 ein Asphaltstein, der seit Jahrhunderten die k\u00fcnstlerische und kulturelle Entwicklung des antiken Gebiets um Ragusa pr\u00e4gt (daher der Name der Linie). Ein faszinierender Stein, der in der Kathedrale der Stadt, aber auch f\u00fcr die Pflasterung einiger europ\u00e4ischen Stra\u00dfen verwendet wird.  <br \/>Anregungen in Farbe, die auch online bei einer virtuellen Tour in der \u201e<a href=\"https:\/\/www.ceramichepiemme.it\/virtualtour\/villa-ibla\/virtual-tour.html\">Villa Ibla<\/a>&#8221; entdeckt werden k\u00f6nnen: einem eleganten, mediterranen Haus, durch das digital \u201enavigiert\u201c werden kann, um so die mit verschiedenen Fliesengr\u00f6\u00dfen und Oberfl\u00e4chen der neuen Kollektionen ausgestatteten R\u00e4ume zu entdecken.<\/p>\n<\/p>\n<p>Unter Verwendung der \u201eSynchro Digit\u201c Technologie entwickelten die Designer von Piemme vier IBLA Farbvarianten f\u00fcr die Keramik (schwarz, wei\u00df, grau und beige).  Riffelungen, Reliefs und alle m\u00f6glichen dreidimensionalen und taktilen Effekte auf der Fliesenoberfl\u00e4che werden in perfekter Synchronisation mit der digitalen Dekoration digital reproduziert. Ein Produktionsprozess, der \u2013 zusammen mit der 300 dpi Drucktechnologie und dem speziellen Verfahren zum L\u00e4ppen \u2013 die gro\u00dfartige Texturtiefe der neuen IBLA Keramikoberfl\u00e4chen noch verst\u00e4rkt. Alterungseffekte und dreidimensionale Relief-Dekore mit klarer sizilianischer Inspiration kommen hier zum Einsatz, wie die traditionelle Spitze, die im Dekor \u201eTombolo\u201c zum Leben erweckt wird, oder das feine Blumendekor \u201eZagara\u201c.<\/p>\n<\/p>\n<p>Zus\u00e4tzlich zu den eher konventionellen Gr\u00f6\u00dfen bietet die neue, lange Fliese (30 x 119,5 cm) faszinierende Farbspiele in einer Vielzahl an Installationsl\u00f6sungen f\u00fcr sowohl Boden- als auch Wandverkleidungen. Die schmale Fliese in der Gr\u00f6\u00dfe 10 x 60 cm und das Format Chevron mit 10 x 53 cm k\u00f6nnen entweder im italienischen oder franz\u00f6sischen Fischgr\u00e4ten-Muster verlegt werden.<\/p>\n\t\t\t\t\t\t\t\t<\/div>\n\t\t\t\t<\/div>\n\t\t\t\t<div class=\"elementor-element elementor-element-6c215f6 elementor-share-buttons--view-icon elementor-share-buttons--shape-circle elementor-share-buttons--color-custom elementor-share-buttons--skin-gradient elementor-grid-0 elementor-widget elementor-widget-mdp-sharinger-elementor\" data-id=\"6c215f6\" data-element_type=\"widget\" data-widget_type=\"mdp-sharinger-elementor.default\">\n\t\t\t\t<div class=\"elementor-widget-container\">\n\t\t\t\t\t        <div class=\"elementor-grid mdp-sharinger\">\n                            <div class=\"elementor-grid-item\">\n                    <div class=\"elementor-share-btn elementor-share-btn_facebook elementor-animation-\" tabindex=\"0\" aria-label=\"Share on facebook\">\n                                                    <span class=\"elementor-share-btn__icon\">\n\t\t\t\t\t\t\t\t<i class=\"fab fa-facebook\" aria-hidden=\"true\"><\/i>\t\t\t\t\t\t\t<\/span>\n                                                                    <\/div>\n                <\/div>\n                                <div class=\"elementor-grid-item\">\n                    <div class=\"elementor-share-btn elementor-share-btn_twitter elementor-animation-\" tabindex=\"0\" aria-label=\"Share on twitter\">\n                                                    <span class=\"elementor-share-btn__icon\">\n\t\t\t\t\t\t\t\t<i class=\"fab fa-twitter\" aria-hidden=\"true\"><\/i>\t\t\t\t\t\t\t<\/span>\n                                                                    <\/div>\n                <\/div>\n                                <div class=\"elementor-grid-item\">\n                    <div class=\"elementor-share-btn elementor-share-btn_pinterest elementor-animation-\" tabindex=\"0\" aria-label=\"Share on pinterest\">\n                                                    <span class=\"elementor-share-btn__icon\">\n\t\t\t\t\t\t\t\t<i class=\"fab fa-pinterest\" aria-hidden=\"true\"><\/i>\t\t\t\t\t\t\t<\/span>\n                                                                    <\/div>\n                <\/div>\n                                <div class=\"elementor-grid-item\">\n                    <div class=\"elementor-share-btn elementor-share-btn_linkedin elementor-animation-\" tabindex=\"0\" aria-label=\"Share on linkedin\">\n                                                    <span class=\"elementor-share-btn__icon\">\n\t\t\t\t\t\t\t\t<i class=\"fab fa-linkedin\" aria-hidden=\"true\"><\/i>\t\t\t\t\t\t\t<\/span>\n                                                                    <\/div>\n                <\/div>\n                        <\/div>\n        \t\t\t\t<\/div>\n\t\t\t\t<\/div>\n\t\t\t\t<div class=\"elementor-element elementor-element-26968b3 elementor-widget elementor-widget-spacer\" data-id=\"26968b3\" data-element_type=\"widget\" data-widget_type=\"spacer.default\">\n\t\t\t\t<div class=\"elementor-widget-container\">\n\t\t\t\t\t\t\t<div class=\"elementor-spacer\">\n\t\t\t<div class=\"elementor-spacer-inner\"><\/div>\n\t\t<\/div>\n\t\t\t\t\t\t<\/div>\n\t\t\t\t<\/div>\n\t\t\t\t\t<\/div>\n\t\t<\/div>\n\t\t\t\t\t<\/div>\n\t\t<\/section>\n\t\t\t\t<\/div>\n\t\t","protected":false},"excerpt":{"rendered":"<p>\u201ePIETRA PECE\u201c AUS RAGUSA F\u00dcR DIE NEUE KERAMIKSERIE IBLA Es ist eine sizilianische Inspiration, die f\u00fcr die neue Feinsteinzeuglinie IBLA von Ceramiche Piemme Pate stand: Die<span class=\"excerpt-hellip\"> [\u2026]<\/span><\/p>\n","protected":false},"author":1,"featured_media":6716,"comment_status":"open","ping_status":"open","sticky":false,"template":"","format":"standard","meta":{"_monsterinsights_skip_tracking":false,"_monsterinsights_sitenote_active":false,"_monsterinsights_sitenote_note":"","_monsterinsights_sitenote_category":0,"_uf_show_specific_survey":0,"_uf_disable_surveys":false,"footnotes":""},"categories":[396],"tags":[],"class_list":["post-6715","post","type-post","status-publish","format-standard","has-post-thumbnail","hentry","category-nachrichten"],"aioseo_notices":[],"yoast_head":"<!-- This site is optimized with the Yoast SEO plugin v25.3 - https:\/\/yoast.com\/wordpress\/plugins\/seo\/ -->\n<title>\u201ePIETRA PECE\u201c AUS RAGUSA F\u00dcR DIE NEUE KERAMIKSERIE IBLA - Ceramiche Piemme<\/title>\n<meta name=\"robots\" content=\"index, follow, max-snippet:-1, max-image-preview:large, max-video-preview:-1\" \/>\n<link rel=\"canonical\" href=\"https:\/\/www.ceramiche-piemme.com\/de\/pietra-pece-aus-ragusa-fuer-die-neue-keramikserie-ibla\/\" \/>\n<meta property=\"og:locale\" content=\"de_DE\" \/>\n<meta property=\"og:type\" content=\"article\" \/>\n<meta property=\"og:title\" content=\"\u201ePIETRA PECE\u201c AUS RAGUSA F\u00dcR DIE NEUE KERAMIKSERIE IBLA - Ceramiche Piemme\" \/>\n<meta property=\"og:description\" content=\"\u201ePIETRA PECE\u201c AUS RAGUSA F\u00dcR DIE NEUE KERAMIKSERIE IBLA Es ist eine sizilianische Inspiration, die f\u00fcr die neue Feinsteinzeuglinie IBLA von Ceramiche Piemme Pate stand: Die [\u2026]\" \/>\n<meta property=\"og:url\" content=\"https:\/\/www.ceramiche-piemme.com\/de\/pietra-pece-aus-ragusa-fuer-die-neue-keramikserie-ibla\/\" \/>\n<meta property=\"og:site_name\" content=\"Ceramiche Piemme\" \/>\n<meta property=\"article:publisher\" content=\"https:\/\/www.facebook.com\/CeramichePiemme\/\" \/>\n<meta property=\"article:published_time\" content=\"2021-10-18T10:54:25+00:00\" \/>\n<meta property=\"article:modified_time\" content=\"2023-10-17T13:28:45+00:00\" \/>\n<meta property=\"og:image\" content=\"https:\/\/www.ceramiche-piemme.com\/wp-content\/uploads\/2023\/09\/pece_news.jpg\" \/>\n\t<meta property=\"og:image:width\" content=\"800\" \/>\n\t<meta property=\"og:image:height\" content=\"533\" \/>\n\t<meta property=\"og:image:type\" content=\"image\/jpeg\" \/>\n<meta name=\"author\" content=\"fabio.lodirizzini@gmail.com\" \/>\n<meta name=\"twitter:card\" content=\"summary_large_image\" \/>\n<meta name=\"twitter:creator\" content=\"@CeramichePiemme\" \/>\n<meta name=\"twitter:site\" content=\"@CeramichePiemme\" \/>\n<meta name=\"twitter:label1\" content=\"Verfasst von\" \/>\n\t<meta name=\"twitter:data1\" content=\"fabio.lodirizzini@gmail.com\" \/>\n\t<meta name=\"twitter:label2\" content=\"Gesch\u00e4tzte Lesezeit\" \/>\n\t<meta name=\"twitter:data2\" content=\"2\u00a0Minuten\" \/>\n<script type=\"application\/ld+json\" class=\"yoast-schema-graph\">{\"@context\":\"https:\/\/schema.org\",\"@graph\":[{\"@type\":\"Article\",\"@id\":\"https:\/\/www.ceramiche-piemme.com\/de\/pietra-pece-aus-ragusa-fuer-die-neue-keramikserie-ibla\/#article\",\"isPartOf\":{\"@id\":\"https:\/\/www.ceramiche-piemme.com\/de\/pietra-pece-aus-ragusa-fuer-die-neue-keramikserie-ibla\/\"},\"author\":{\"name\":\"fabio.lodirizzini@gmail.com\",\"@id\":\"https:\/\/www.ceramiche-piemme.com\/de\/#\/schema\/person\/008ed7c8109a1d83d7c5132a72fa85c1\"},\"headline\":\"\u201ePIETRA PECE\u201c AUS RAGUSA F\u00dcR DIE NEUE KERAMIKSERIE IBLA\",\"datePublished\":\"2021-10-18T10:54:25+00:00\",\"dateModified\":\"2023-10-17T13:28:45+00:00\",\"mainEntityOfPage\":{\"@id\":\"https:\/\/www.ceramiche-piemme.com\/de\/pietra-pece-aus-ragusa-fuer-die-neue-keramikserie-ibla\/\"},\"wordCount\":320,\"commentCount\":0,\"publisher\":{\"@id\":\"https:\/\/www.ceramiche-piemme.com\/de\/#organization\"},\"image\":{\"@id\":\"https:\/\/www.ceramiche-piemme.com\/de\/pietra-pece-aus-ragusa-fuer-die-neue-keramikserie-ibla\/#primaryimage\"},\"thumbnailUrl\":\"https:\/\/www.ceramiche-piemme.com\/wp-content\/uploads\/2023\/09\/pece_news.jpg\",\"articleSection\":[\"NACHRICHTEN\"],\"inLanguage\":\"de\",\"potentialAction\":[{\"@type\":\"CommentAction\",\"name\":\"Comment\",\"target\":[\"https:\/\/www.ceramiche-piemme.com\/de\/pietra-pece-aus-ragusa-fuer-die-neue-keramikserie-ibla\/#respond\"]}]},{\"@type\":\"WebPage\",\"@id\":\"https:\/\/www.ceramiche-piemme.com\/de\/pietra-pece-aus-ragusa-fuer-die-neue-keramikserie-ibla\/\",\"url\":\"https:\/\/www.ceramiche-piemme.com\/de\/pietra-pece-aus-ragusa-fuer-die-neue-keramikserie-ibla\/\",\"name\":\"\u201ePIETRA PECE\u201c AUS RAGUSA F\u00dcR DIE NEUE KERAMIKSERIE IBLA - Ceramiche Piemme\",\"isPartOf\":{\"@id\":\"https:\/\/www.ceramiche-piemme.com\/de\/#website\"},\"primaryImageOfPage\":{\"@id\":\"https:\/\/www.ceramiche-piemme.com\/de\/pietra-pece-aus-ragusa-fuer-die-neue-keramikserie-ibla\/#primaryimage\"},\"image\":{\"@id\":\"https:\/\/www.ceramiche-piemme.com\/de\/pietra-pece-aus-ragusa-fuer-die-neue-keramikserie-ibla\/#primaryimage\"},\"thumbnailUrl\":\"https:\/\/www.ceramiche-piemme.com\/wp-content\/uploads\/2023\/09\/pece_news.jpg\",\"datePublished\":\"2021-10-18T10:54:25+00:00\",\"dateModified\":\"2023-10-17T13:28:45+00:00\",\"breadcrumb\":{\"@id\":\"https:\/\/www.ceramiche-piemme.com\/de\/pietra-pece-aus-ragusa-fuer-die-neue-keramikserie-ibla\/#breadcrumb\"},\"inLanguage\":\"de\",\"potentialAction\":[{\"@type\":\"ReadAction\",\"target\":[\"https:\/\/www.ceramiche-piemme.com\/de\/pietra-pece-aus-ragusa-fuer-die-neue-keramikserie-ibla\/\"]}]},{\"@type\":\"ImageObject\",\"inLanguage\":\"de\",\"@id\":\"https:\/\/www.ceramiche-piemme.com\/de\/pietra-pece-aus-ragusa-fuer-die-neue-keramikserie-ibla\/#primaryimage\",\"url\":\"https:\/\/www.ceramiche-piemme.com\/wp-content\/uploads\/2023\/09\/pece_news.jpg\",\"contentUrl\":\"https:\/\/www.ceramiche-piemme.com\/wp-content\/uploads\/2023\/09\/pece_news.jpg\",\"width\":800,\"height\":533},{\"@type\":\"BreadcrumbList\",\"@id\":\"https:\/\/www.ceramiche-piemme.com\/de\/pietra-pece-aus-ragusa-fuer-die-neue-keramikserie-ibla\/#breadcrumb\",\"itemListElement\":[{\"@type\":\"ListItem\",\"position\":1,\"name\":\"Ceramiche Piemme\",\"item\":\"https:\/\/www.ceramiche-piemme.com\/de\/\"},{\"@type\":\"ListItem\",\"position\":2,\"name\":\"\u201ePIETRA PECE\u201c AUS RAGUSA F\u00dcR DIE NEUE KERAMIKSERIE IBLA\"}]},{\"@type\":\"WebSite\",\"@id\":\"https:\/\/www.ceramiche-piemme.com\/de\/#website\",\"url\":\"https:\/\/www.ceramiche-piemme.com\/de\/\",\"name\":\"Ceramiche Piemme\",\"description\":\"Ceramiche Piemme: Gres Porcellanato Made in Italy dal 1962\",\"publisher\":{\"@id\":\"https:\/\/www.ceramiche-piemme.com\/de\/#organization\"},\"potentialAction\":[{\"@type\":\"SearchAction\",\"target\":{\"@type\":\"EntryPoint\",\"urlTemplate\":\"https:\/\/www.ceramiche-piemme.com\/de\/?s={search_term_string}\"},\"query-input\":{\"@type\":\"PropertyValueSpecification\",\"valueRequired\":true,\"valueName\":\"search_term_string\"}}],\"inLanguage\":\"de\"},{\"@type\":\"Organization\",\"@id\":\"https:\/\/www.ceramiche-piemme.com\/de\/#organization\",\"name\":\"Ceramiche Piemme\",\"url\":\"https:\/\/www.ceramiche-piemme.com\/de\/\",\"logo\":{\"@type\":\"ImageObject\",\"inLanguage\":\"de\",\"@id\":\"https:\/\/www.ceramiche-piemme.com\/de\/#\/schema\/logo\/image\/\",\"url\":\"http:\/\/www.ceramiche-piemme.com\/wp-content\/uploads\/2023\/06\/logo.jpg\",\"contentUrl\":\"http:\/\/www.ceramiche-piemme.com\/wp-content\/uploads\/2023\/06\/logo.jpg\",\"width\":522,\"height\":87,\"caption\":\"Ceramiche Piemme\"},\"image\":{\"@id\":\"https:\/\/www.ceramiche-piemme.com\/de\/#\/schema\/logo\/image\/\"},\"sameAs\":[\"https:\/\/www.facebook.com\/CeramichePiemme\/\",\"https:\/\/x.com\/CeramichePiemme\",\"https:\/\/it.pinterest.com\/ceramichepiemme\/\",\"https:\/\/www.youtube.com\/user\/CERAMICHEPIEMME\",\"https:\/\/www.instagram.com\/ceramichepiemme\/\",\"https:\/\/www.linkedin.com\/company\/9676212\/\",\"https:\/\/vimeo.com\/ceramichepiemme\"]},{\"@type\":\"Person\",\"@id\":\"https:\/\/www.ceramiche-piemme.com\/de\/#\/schema\/person\/008ed7c8109a1d83d7c5132a72fa85c1\",\"name\":\"fabio.lodirizzini@gmail.com\",\"image\":{\"@type\":\"ImageObject\",\"inLanguage\":\"de\",\"@id\":\"https:\/\/www.ceramiche-piemme.com\/de\/#\/schema\/person\/image\/\",\"url\":\"https:\/\/secure.gravatar.com\/avatar\/9cd984998641e64eb557146bda0c021a407372d91e93b27ac8c9c54ed4f4b3fc?s=96&d=mm&r=g\",\"contentUrl\":\"https:\/\/secure.gravatar.com\/avatar\/9cd984998641e64eb557146bda0c021a407372d91e93b27ac8c9c54ed4f4b3fc?s=96&d=mm&r=g\",\"caption\":\"fabio.lodirizzini@gmail.com\"}}]}<\/script>\n<!-- \/ Yoast SEO plugin. -->","yoast_head_json":{"title":"\u201ePIETRA PECE\u201c AUS RAGUSA F\u00dcR DIE NEUE KERAMIKSERIE IBLA - Ceramiche Piemme","robots":{"index":"index","follow":"follow","max-snippet":"max-snippet:-1","max-image-preview":"max-image-preview:large","max-video-preview":"max-video-preview:-1"},"canonical":"https:\/\/www.ceramiche-piemme.com\/de\/pietra-pece-aus-ragusa-fuer-die-neue-keramikserie-ibla\/","og_locale":"de_DE","og_type":"article","og_title":"\u201ePIETRA PECE\u201c AUS RAGUSA F\u00dcR DIE NEUE KERAMIKSERIE IBLA - Ceramiche Piemme","og_description":"\u201ePIETRA PECE\u201c AUS RAGUSA F\u00dcR DIE NEUE KERAMIKSERIE IBLA Es ist eine sizilianische Inspiration, die f\u00fcr die neue Feinsteinzeuglinie IBLA von Ceramiche Piemme Pate stand: Die [\u2026]","og_url":"https:\/\/www.ceramiche-piemme.com\/de\/pietra-pece-aus-ragusa-fuer-die-neue-keramikserie-ibla\/","og_site_name":"Ceramiche Piemme","article_publisher":"https:\/\/www.facebook.com\/CeramichePiemme\/","article_published_time":"2021-10-18T10:54:25+00:00","article_modified_time":"2023-10-17T13:28:45+00:00","og_image":[{"width":800,"height":533,"url":"https:\/\/www.ceramiche-piemme.com\/wp-content\/uploads\/2023\/09\/pece_news.jpg","type":"image\/jpeg"}],"author":"fabio.lodirizzini@gmail.com","twitter_card":"summary_large_image","twitter_creator":"@CeramichePiemme","twitter_site":"@CeramichePiemme","twitter_misc":{"Verfasst von":"fabio.lodirizzini@gmail.com","Gesch\u00e4tzte Lesezeit":"2\u00a0Minuten"},"schema":{"@context":"https:\/\/schema.org","@graph":[{"@type":"Article","@id":"https:\/\/www.ceramiche-piemme.com\/de\/pietra-pece-aus-ragusa-fuer-die-neue-keramikserie-ibla\/#article","isPartOf":{"@id":"https:\/\/www.ceramiche-piemme.com\/de\/pietra-pece-aus-ragusa-fuer-die-neue-keramikserie-ibla\/"},"author":{"name":"fabio.lodirizzini@gmail.com","@id":"https:\/\/www.ceramiche-piemme.com\/de\/#\/schema\/person\/008ed7c8109a1d83d7c5132a72fa85c1"},"headline":"\u201ePIETRA PECE\u201c AUS RAGUSA F\u00dcR DIE NEUE KERAMIKSERIE IBLA","datePublished":"2021-10-18T10:54:25+00:00","dateModified":"2023-10-17T13:28:45+00:00","mainEntityOfPage":{"@id":"https:\/\/www.ceramiche-piemme.com\/de\/pietra-pece-aus-ragusa-fuer-die-neue-keramikserie-ibla\/"},"wordCount":320,"commentCount":0,"publisher":{"@id":"https:\/\/www.ceramiche-piemme.com\/de\/#organization"},"image":{"@id":"https:\/\/www.ceramiche-piemme.com\/de\/pietra-pece-aus-ragusa-fuer-die-neue-keramikserie-ibla\/#primaryimage"},"thumbnailUrl":"https:\/\/www.ceramiche-piemme.com\/wp-content\/uploads\/2023\/09\/pece_news.jpg","articleSection":["NACHRICHTEN"],"inLanguage":"de","potentialAction":[{"@type":"CommentAction","name":"Comment","target":["https:\/\/www.ceramiche-piemme.com\/de\/pietra-pece-aus-ragusa-fuer-die-neue-keramikserie-ibla\/#respond"]}]},{"@type":"WebPage","@id":"https:\/\/www.ceramiche-piemme.com\/de\/pietra-pece-aus-ragusa-fuer-die-neue-keramikserie-ibla\/","url":"https:\/\/www.ceramiche-piemme.com\/de\/pietra-pece-aus-ragusa-fuer-die-neue-keramikserie-ibla\/","name":"\u201ePIETRA PECE\u201c AUS RAGUSA F\u00dcR DIE NEUE KERAMIKSERIE IBLA - Ceramiche Piemme","isPartOf":{"@id":"https:\/\/www.ceramiche-piemme.com\/de\/#website"},"primaryImageOfPage":{"@id":"https:\/\/www.ceramiche-piemme.com\/de\/pietra-pece-aus-ragusa-fuer-die-neue-keramikserie-ibla\/#primaryimage"},"image":{"@id":"https:\/\/www.ceramiche-piemme.com\/de\/pietra-pece-aus-ragusa-fuer-die-neue-keramikserie-ibla\/#primaryimage"},"thumbnailUrl":"https:\/\/www.ceramiche-piemme.com\/wp-content\/uploads\/2023\/09\/pece_news.jpg","datePublished":"2021-10-18T10:54:25+00:00","dateModified":"2023-10-17T13:28:45+00:00","breadcrumb":{"@id":"https:\/\/www.ceramiche-piemme.com\/de\/pietra-pece-aus-ragusa-fuer-die-neue-keramikserie-ibla\/#breadcrumb"},"inLanguage":"de","potentialAction":[{"@type":"ReadAction","target":["https:\/\/www.ceramiche-piemme.com\/de\/pietra-pece-aus-ragusa-fuer-die-neue-keramikserie-ibla\/"]}]},{"@type":"ImageObject","inLanguage":"de","@id":"https:\/\/www.ceramiche-piemme.com\/de\/pietra-pece-aus-ragusa-fuer-die-neue-keramikserie-ibla\/#primaryimage","url":"https:\/\/www.ceramiche-piemme.com\/wp-content\/uploads\/2023\/09\/pece_news.jpg","contentUrl":"https:\/\/www.ceramiche-piemme.com\/wp-content\/uploads\/2023\/09\/pece_news.jpg","width":800,"height":533},{"@type":"BreadcrumbList","@id":"https:\/\/www.ceramiche-piemme.com\/de\/pietra-pece-aus-ragusa-fuer-die-neue-keramikserie-ibla\/#breadcrumb","itemListElement":[{"@type":"ListItem","position":1,"name":"Ceramiche Piemme","item":"https:\/\/www.ceramiche-piemme.com\/de\/"},{"@type":"ListItem","position":2,"name":"\u201ePIETRA PECE\u201c AUS RAGUSA F\u00dcR DIE NEUE KERAMIKSERIE IBLA"}]},{"@type":"WebSite","@id":"https:\/\/www.ceramiche-piemme.com\/de\/#website","url":"https:\/\/www.ceramiche-piemme.com\/de\/","name":"Ceramiche Piemme","description":"Ceramiche Piemme: Gres Porcellanato Made in Italy dal 1962","publisher":{"@id":"https:\/\/www.ceramiche-piemme.com\/de\/#organization"},"potentialAction":[{"@type":"SearchAction","target":{"@type":"EntryPoint","urlTemplate":"https:\/\/www.ceramiche-piemme.com\/de\/?s={search_term_string}"},"query-input":{"@type":"PropertyValueSpecification","valueRequired":true,"valueName":"search_term_string"}}],"inLanguage":"de"},{"@type":"Organization","@id":"https:\/\/www.ceramiche-piemme.com\/de\/#organization","name":"Ceramiche Piemme","url":"https:\/\/www.ceramiche-piemme.com\/de\/","logo":{"@type":"ImageObject","inLanguage":"de","@id":"https:\/\/www.ceramiche-piemme.com\/de\/#\/schema\/logo\/image\/","url":"http:\/\/www.ceramiche-piemme.com\/wp-content\/uploads\/2023\/06\/logo.jpg","contentUrl":"http:\/\/www.ceramiche-piemme.com\/wp-content\/uploads\/2023\/06\/logo.jpg","width":522,"height":87,"caption":"Ceramiche Piemme"},"image":{"@id":"https:\/\/www.ceramiche-piemme.com\/de\/#\/schema\/logo\/image\/"},"sameAs":["https:\/\/www.facebook.com\/CeramichePiemme\/","https:\/\/x.com\/CeramichePiemme","https:\/\/it.pinterest.com\/ceramichepiemme\/","https:\/\/www.youtube.com\/user\/CERAMICHEPIEMME","https:\/\/www.instagram.com\/ceramichepiemme\/","https:\/\/www.linkedin.com\/company\/9676212\/","https:\/\/vimeo.com\/ceramichepiemme"]},{"@type":"Person","@id":"https:\/\/www.ceramiche-piemme.com\/de\/#\/schema\/person\/008ed7c8109a1d83d7c5132a72fa85c1","name":"fabio.lodirizzini@gmail.com","image":{"@type":"ImageObject","inLanguage":"de","@id":"https:\/\/www.ceramiche-piemme.com\/de\/#\/schema\/person\/image\/","url":"https:\/\/secure.gravatar.com\/avatar\/9cd984998641e64eb557146bda0c021a407372d91e93b27ac8c9c54ed4f4b3fc?s=96&d=mm&r=g","contentUrl":"https:\/\/secure.gravatar.com\/avatar\/9cd984998641e64eb557146bda0c021a407372d91e93b27ac8c9c54ed4f4b3fc?s=96&d=mm&r=g","caption":"fabio.lodirizzini@gmail.com"}}]}},"_links":{"self":[{"href":"https:\/\/www.ceramiche-piemme.com\/de\/wp-json\/wp\/v2\/posts\/6715","targetHints":{"allow":["GET"]}}],"collection":[{"href":"https:\/\/www.ceramiche-piemme.com\/de\/wp-json\/wp\/v2\/posts"}],"about":[{"href":"https:\/\/www.ceramiche-piemme.com\/de\/wp-json\/wp\/v2\/types\/post"}],"author":[{"embeddable":true,"href":"https:\/\/www.ceramiche-piemme.com\/de\/wp-json\/wp\/v2\/users\/1"}],"replies":[{"embeddable":true,"href":"https:\/\/www.ceramiche-piemme.com\/de\/wp-json\/wp\/v2\/comments?post=6715"}],"version-history":[{"count":1,"href":"https:\/\/www.ceramiche-piemme.com\/de\/wp-json\/wp\/v2\/posts\/6715\/revisions"}],"predecessor-version":[{"id":6717,"href":"https:\/\/www.ceramiche-piemme.com\/de\/wp-json\/wp\/v2\/posts\/6715\/revisions\/6717"}],"wp:featuredmedia":[{"embeddable":true,"href":"https:\/\/www.ceramiche-piemme.com\/de\/wp-json\/wp\/v2\/media\/6716"}],"wp:attachment":[{"href":"https:\/\/www.ceramiche-piemme.com\/de\/wp-json\/wp\/v2\/media?parent=6715"}],"wp:term":[{"taxonomy":"category","embeddable":true,"href":"https:\/\/www.ceramiche-piemme.com\/de\/wp-json\/wp\/v2\/categories?post=6715"},{"taxonomy":"post_tag","embeddable":true,"href":"https:\/\/www.ceramiche-piemme.com\/de\/wp-json\/wp\/v2\/tags?post=6715"}],"curies":[{"name":"wp","href":"https:\/\/api.w.org\/{rel}","templated":true}]}}