{"id":6718,"date":"2021-10-01T11:05:04","date_gmt":"2021-10-01T11:05:04","guid":{"rendered":"https:\/\/www.ceramiche-piemme.com\/technik-und-design-fuer-den-neuen-ausstellungsraum-von-ceramiche-piemme\/"},"modified":"2023-10-17T13:30:18","modified_gmt":"2023-10-17T13:30:18","slug":"technik-und-design-fuer-den-neuen-ausstellungsraum-von-ceramiche-piemme","status":"publish","type":"post","link":"https:\/\/www.ceramiche-piemme.com\/de\/technik-und-design-fuer-den-neuen-ausstellungsraum-von-ceramiche-piemme\/","title":{"rendered":"TECHNIK UND DESIGN F\u00dcR DEN NEUEN AUSSTELLUNGSRAUM VON CERAMICHE PIEMME"},"content":{"rendered":"\t\t<div data-elementor-type=\"wp-post\" data-elementor-id=\"6718\" class=\"elementor elementor-6718 elementor-2233\" data-elementor-post-type=\"post\">\n\t\t\t\t\t\t<section class=\"elementor-section elementor-top-section elementor-element elementor-element-baa47e2 elementor-section-boxed elementor-section-height-default elementor-section-height-default\" data-id=\"baa47e2\" data-element_type=\"section\">\n\t\t\t\t\t\t<div class=\"elementor-container elementor-column-gap-default\">\n\t\t\t\t\t<div class=\"elementor-column elementor-col-100 elementor-top-column elementor-element elementor-element-2b228f2\" data-id=\"2b228f2\" data-element_type=\"column\">\n\t\t\t<div class=\"elementor-widget-wrap elementor-element-populated\">\n\t\t\t\t\t\t<div class=\"elementor-element elementor-element-dd1bd67 elementor-widget elementor-widget-text-editor\" data-id=\"dd1bd67\" data-element_type=\"widget\" data-widget_type=\"text-editor.default\">\n\t\t\t\t<div class=\"elementor-widget-container\">\n\t\t\t\t\t\t\t\t\t<h3 class=\"margin-b-40\">TECHNIK UND DESIGN F\u00dcR DEN NEUEN AUSSTELLUNGSRAUM VON CERAMICHE PIEMME<\/h3>\n<p>Ceramiche Piemme er\u00f6ffnet den neuen Showroom des Unternehmens mit Open House Events f\u00fcr die internationalen Kunden.<br \/>Ein komplett neu gestalteter Raum, der die Eleganz und Qualit\u00e4t der dem gehobenen Wohnungsbau gewidmeten Premium-Serien durch zwei besonders originelle Ausstellungskonzepte optimal zum Ausdruck bringt.<\/p>\n<p>Der sich insgesamt auf rund 1000 qm erstreckende Premium-Bereich des neuen Ausstellungsraums zeigt die realit\u00e4tsnah nachgebildeten R\u00e4ume einer luxuri\u00f6sen Wohnung, in denen die keramischen Bel\u00e4ge von Majestic Pure Selection, von Evoluta, der neuen Kollektion Ibla usw. im Mittelpunkt stehen. Bei diesen Rauminszenierungen kommen die digitalen Drucktechniken wie die exklusive \u201eSynchro Digit von Piemme\u201c zur Geltung, die die Gestaltung origineller Wandfliesen mit unglaublich plastischen Oberfl\u00e4chen und haptischen Anmutungen erm\u00f6glicht, die denen nat\u00fcrlicher Materialien perfekt nachempfunden sind. Ein bisher nie gesehenes (und nie gef\u00fchltes) Ergebnis.  <\/p>\n<p>Im Bereich Piemme Floor and More &amp; Contract widmet sich die Ausstellung hingegen eher technischen Aspekten sowie keramischen Materialien und Oberfl\u00e4chen, die vorwiegend f\u00fcr den gewerblichen Einsatz bestimmt sind, wie z.B. die Kollektion Glitch, die in Kooperation mit Benoy, einem der renommiertesten Player in der internationalen Architekturszene, entwickelt wurde.  <\/p>\n<p>\u201e<a href=\"https:\/\/www.ceramichepiemme.it\/virtualtour\/villa-ibla\/virtual-tour.html\">Villa Ibla<\/a>\u201c, ein weiteres elegantes Domizil mit mediterranem Flair, ist hingegen Schauplatz einer virtuellen Tour, auf die sich r\u00e4umlich anwesende und Online-Besucher begeben k\u00f6nnen, um sich ein Bild von der neuen Fliesenserie Ibla zu machen. Dieser digitale Rundgang ist ein ausgesprochen innovatives und ansprechendes Kommunikationstool. Der Besucher kann beim \u201eSurfen\u201c in die R\u00e4ume eintauchen, die mit dem Feinsteinzeug gestaltet sind, das dem \u201ePechstein aus Ragusa\u201c, einem Naturasphalt, der jahrhundertelang im Mittelpunkt des k\u00fcnstlerischen und kulturellen Schaffens dieser Region Siziliens stand, nachempfunden ist. <\/p>\n\t\t\t\t\t\t\t\t<\/div>\n\t\t\t\t<\/div>\n\t\t\t\t<div class=\"elementor-element elementor-element-6c215f6 elementor-share-buttons--view-icon elementor-share-buttons--shape-circle elementor-share-buttons--color-custom elementor-share-buttons--skin-gradient elementor-grid-0 elementor-widget elementor-widget-mdp-sharinger-elementor\" data-id=\"6c215f6\" data-element_type=\"widget\" data-widget_type=\"mdp-sharinger-elementor.default\">\n\t\t\t\t<div class=\"elementor-widget-container\">\n\t\t\t\t\t        <div class=\"elementor-grid mdp-sharinger\">\n                            <div class=\"elementor-grid-item\">\n                    <div class=\"elementor-share-btn elementor-share-btn_facebook elementor-animation-\" tabindex=\"0\" aria-label=\"Share on facebook\">\n                                                    <span class=\"elementor-share-btn__icon\">\n\t\t\t\t\t\t\t\t<i class=\"fab fa-facebook\" aria-hidden=\"true\"><\/i>\t\t\t\t\t\t\t<\/span>\n                                                                    <\/div>\n                <\/div>\n                                <div class=\"elementor-grid-item\">\n                    <div class=\"elementor-share-btn elementor-share-btn_twitter elementor-animation-\" tabindex=\"0\" aria-label=\"Share on twitter\">\n                                                    <span class=\"elementor-share-btn__icon\">\n\t\t\t\t\t\t\t\t<i class=\"fab fa-twitter\" aria-hidden=\"true\"><\/i>\t\t\t\t\t\t\t<\/span>\n                                                                    <\/div>\n                <\/div>\n                                <div class=\"elementor-grid-item\">\n                    <div class=\"elementor-share-btn elementor-share-btn_pinterest elementor-animation-\" tabindex=\"0\" aria-label=\"Share on pinterest\">\n                                                    <span class=\"elementor-share-btn__icon\">\n\t\t\t\t\t\t\t\t<i class=\"fab fa-pinterest\" aria-hidden=\"true\"><\/i>\t\t\t\t\t\t\t<\/span>\n                                                                    <\/div>\n                <\/div>\n                                <div class=\"elementor-grid-item\">\n                    <div class=\"elementor-share-btn elementor-share-btn_linkedin elementor-animation-\" tabindex=\"0\" aria-label=\"Share on linkedin\">\n                                                    <span class=\"elementor-share-btn__icon\">\n\t\t\t\t\t\t\t\t<i class=\"fab fa-linkedin\" aria-hidden=\"true\"><\/i>\t\t\t\t\t\t\t<\/span>\n                                                                    <\/div>\n                <\/div>\n                        <\/div>\n        \t\t\t\t<\/div>\n\t\t\t\t<\/div>\n\t\t\t\t<div class=\"elementor-element elementor-element-26968b3 elementor-widget elementor-widget-spacer\" data-id=\"26968b3\" data-element_type=\"widget\" data-widget_type=\"spacer.default\">\n\t\t\t\t<div class=\"elementor-widget-container\">\n\t\t\t\t\t\t\t<div class=\"elementor-spacer\">\n\t\t\t<div class=\"elementor-spacer-inner\"><\/div>\n\t\t<\/div>\n\t\t\t\t\t\t<\/div>\n\t\t\t\t<\/div>\n\t\t\t\t\t<\/div>\n\t\t<\/div>\n\t\t\t\t\t<\/div>\n\t\t<\/section>\n\t\t\t\t<\/div>\n\t\t","protected":false},"excerpt":{"rendered":"<p>TECHNIK UND DESIGN F\u00dcR DEN NEUEN AUSSTELLUNGSRAUM VON CERAMICHE PIEMME Ceramiche Piemme er\u00f6ffnet den neuen Showroom des Unternehmens mit Open House Events f\u00fcr die internationalen Kunden.Ein<span class=\"excerpt-hellip\"> [\u2026]<\/span><\/p>\n","protected":false},"author":1,"featured_media":6719,"comment_status":"open","ping_status":"open","sticky":false,"template":"","format":"standard","meta":{"_monsterinsights_skip_tracking":false,"_monsterinsights_sitenote_active":false,"_monsterinsights_sitenote_note":"","_monsterinsights_sitenote_category":0,"_uf_show_specific_survey":0,"_uf_disable_surveys":false,"footnotes":""},"categories":[396],"tags":[],"class_list":["post-6718","post","type-post","status-publish","format-standard","has-post-thumbnail","hentry","category-nachrichten"],"aioseo_notices":[],"yoast_head":"<!-- This site is optimized with the Yoast SEO plugin v25.3 - https:\/\/yoast.com\/wordpress\/plugins\/seo\/ -->\n<title>TECHNIK UND DESIGN F\u00dcR DEN NEUEN AUSSTELLUNGSRAUM VON CERAMICHE PIEMME - Ceramiche Piemme<\/title>\n<meta name=\"robots\" content=\"index, follow, max-snippet:-1, max-image-preview:large, max-video-preview:-1\" \/>\n<link rel=\"canonical\" href=\"https:\/\/www.ceramiche-piemme.com\/de\/technik-und-design-fuer-den-neuen-ausstellungsraum-von-ceramiche-piemme\/\" \/>\n<meta property=\"og:locale\" content=\"de_DE\" \/>\n<meta property=\"og:type\" content=\"article\" \/>\n<meta property=\"og:title\" content=\"TECHNIK UND DESIGN F\u00dcR DEN NEUEN AUSSTELLUNGSRAUM VON CERAMICHE PIEMME - Ceramiche Piemme\" \/>\n<meta property=\"og:description\" content=\"TECHNIK UND DESIGN F\u00dcR DEN NEUEN AUSSTELLUNGSRAUM VON CERAMICHE PIEMME Ceramiche Piemme er\u00f6ffnet den neuen Showroom des Unternehmens mit Open House Events f\u00fcr die internationalen Kunden.Ein [\u2026]\" \/>\n<meta property=\"og:url\" content=\"https:\/\/www.ceramiche-piemme.com\/de\/technik-und-design-fuer-den-neuen-ausstellungsraum-von-ceramiche-piemme\/\" \/>\n<meta property=\"og:site_name\" content=\"Ceramiche Piemme\" \/>\n<meta property=\"article:publisher\" content=\"https:\/\/www.facebook.com\/CeramichePiemme\/\" \/>\n<meta property=\"article:published_time\" content=\"2021-10-01T11:05:04+00:00\" \/>\n<meta property=\"article:modified_time\" content=\"2023-10-17T13:30:18+00:00\" \/>\n<meta property=\"og:image\" content=\"https:\/\/www.ceramiche-piemme.com\/wp-content\/uploads\/2023\/09\/tec_news.jpg\" \/>\n\t<meta property=\"og:image:width\" content=\"800\" \/>\n\t<meta property=\"og:image:height\" content=\"533\" \/>\n\t<meta property=\"og:image:type\" content=\"image\/jpeg\" \/>\n<meta name=\"author\" content=\"fabio.lodirizzini@gmail.com\" \/>\n<meta name=\"twitter:card\" content=\"summary_large_image\" \/>\n<meta name=\"twitter:creator\" content=\"@CeramichePiemme\" \/>\n<meta name=\"twitter:site\" content=\"@CeramichePiemme\" \/>\n<meta name=\"twitter:label1\" content=\"Verfasst von\" \/>\n\t<meta name=\"twitter:data1\" content=\"fabio.lodirizzini@gmail.com\" \/>\n\t<meta name=\"twitter:label2\" content=\"Gesch\u00e4tzte Lesezeit\" \/>\n\t<meta name=\"twitter:data2\" content=\"1\u00a0Minute\" \/>\n<script type=\"application\/ld+json\" class=\"yoast-schema-graph\">{\"@context\":\"https:\/\/schema.org\",\"@graph\":[{\"@type\":\"Article\",\"@id\":\"https:\/\/www.ceramiche-piemme.com\/de\/technik-und-design-fuer-den-neuen-ausstellungsraum-von-ceramiche-piemme\/#article\",\"isPartOf\":{\"@id\":\"https:\/\/www.ceramiche-piemme.com\/de\/technik-und-design-fuer-den-neuen-ausstellungsraum-von-ceramiche-piemme\/\"},\"author\":{\"name\":\"fabio.lodirizzini@gmail.com\",\"@id\":\"https:\/\/www.ceramiche-piemme.com\/de\/#\/schema\/person\/008ed7c8109a1d83d7c5132a72fa85c1\"},\"headline\":\"TECHNIK UND DESIGN F\u00dcR DEN NEUEN AUSSTELLUNGSRAUM VON CERAMICHE PIEMME\",\"datePublished\":\"2021-10-01T11:05:04+00:00\",\"dateModified\":\"2023-10-17T13:30:18+00:00\",\"mainEntityOfPage\":{\"@id\":\"https:\/\/www.ceramiche-piemme.com\/de\/technik-und-design-fuer-den-neuen-ausstellungsraum-von-ceramiche-piemme\/\"},\"wordCount\":294,\"commentCount\":0,\"publisher\":{\"@id\":\"https:\/\/www.ceramiche-piemme.com\/de\/#organization\"},\"image\":{\"@id\":\"https:\/\/www.ceramiche-piemme.com\/de\/technik-und-design-fuer-den-neuen-ausstellungsraum-von-ceramiche-piemme\/#primaryimage\"},\"thumbnailUrl\":\"https:\/\/www.ceramiche-piemme.com\/wp-content\/uploads\/2023\/09\/tec_news.jpg\",\"articleSection\":[\"NACHRICHTEN\"],\"inLanguage\":\"de\",\"potentialAction\":[{\"@type\":\"CommentAction\",\"name\":\"Comment\",\"target\":[\"https:\/\/www.ceramiche-piemme.com\/de\/technik-und-design-fuer-den-neuen-ausstellungsraum-von-ceramiche-piemme\/#respond\"]}]},{\"@type\":\"WebPage\",\"@id\":\"https:\/\/www.ceramiche-piemme.com\/de\/technik-und-design-fuer-den-neuen-ausstellungsraum-von-ceramiche-piemme\/\",\"url\":\"https:\/\/www.ceramiche-piemme.com\/de\/technik-und-design-fuer-den-neuen-ausstellungsraum-von-ceramiche-piemme\/\",\"name\":\"TECHNIK UND DESIGN F\u00dcR DEN NEUEN AUSSTELLUNGSRAUM VON CERAMICHE PIEMME - Ceramiche Piemme\",\"isPartOf\":{\"@id\":\"https:\/\/www.ceramiche-piemme.com\/de\/#website\"},\"primaryImageOfPage\":{\"@id\":\"https:\/\/www.ceramiche-piemme.com\/de\/technik-und-design-fuer-den-neuen-ausstellungsraum-von-ceramiche-piemme\/#primaryimage\"},\"image\":{\"@id\":\"https:\/\/www.ceramiche-piemme.com\/de\/technik-und-design-fuer-den-neuen-ausstellungsraum-von-ceramiche-piemme\/#primaryimage\"},\"thumbnailUrl\":\"https:\/\/www.ceramiche-piemme.com\/wp-content\/uploads\/2023\/09\/tec_news.jpg\",\"datePublished\":\"2021-10-01T11:05:04+00:00\",\"dateModified\":\"2023-10-17T13:30:18+00:00\",\"breadcrumb\":{\"@id\":\"https:\/\/www.ceramiche-piemme.com\/de\/technik-und-design-fuer-den-neuen-ausstellungsraum-von-ceramiche-piemme\/#breadcrumb\"},\"inLanguage\":\"de\",\"potentialAction\":[{\"@type\":\"ReadAction\",\"target\":[\"https:\/\/www.ceramiche-piemme.com\/de\/technik-und-design-fuer-den-neuen-ausstellungsraum-von-ceramiche-piemme\/\"]}]},{\"@type\":\"ImageObject\",\"inLanguage\":\"de\",\"@id\":\"https:\/\/www.ceramiche-piemme.com\/de\/technik-und-design-fuer-den-neuen-ausstellungsraum-von-ceramiche-piemme\/#primaryimage\",\"url\":\"https:\/\/www.ceramiche-piemme.com\/wp-content\/uploads\/2023\/09\/tec_news.jpg\",\"contentUrl\":\"https:\/\/www.ceramiche-piemme.com\/wp-content\/uploads\/2023\/09\/tec_news.jpg\",\"width\":800,\"height\":533},{\"@type\":\"BreadcrumbList\",\"@id\":\"https:\/\/www.ceramiche-piemme.com\/de\/technik-und-design-fuer-den-neuen-ausstellungsraum-von-ceramiche-piemme\/#breadcrumb\",\"itemListElement\":[{\"@type\":\"ListItem\",\"position\":1,\"name\":\"Ceramiche Piemme\",\"item\":\"https:\/\/www.ceramiche-piemme.com\/de\/\"},{\"@type\":\"ListItem\",\"position\":2,\"name\":\"TECHNIK UND DESIGN F\u00dcR DEN NEUEN AUSSTELLUNGSRAUM VON CERAMICHE PIEMME\"}]},{\"@type\":\"WebSite\",\"@id\":\"https:\/\/www.ceramiche-piemme.com\/de\/#website\",\"url\":\"https:\/\/www.ceramiche-piemme.com\/de\/\",\"name\":\"Ceramiche Piemme\",\"description\":\"Ceramiche Piemme: Gres Porcellanato Made in Italy dal 1962\",\"publisher\":{\"@id\":\"https:\/\/www.ceramiche-piemme.com\/de\/#organization\"},\"potentialAction\":[{\"@type\":\"SearchAction\",\"target\":{\"@type\":\"EntryPoint\",\"urlTemplate\":\"https:\/\/www.ceramiche-piemme.com\/de\/?s={search_term_string}\"},\"query-input\":{\"@type\":\"PropertyValueSpecification\",\"valueRequired\":true,\"valueName\":\"search_term_string\"}}],\"inLanguage\":\"de\"},{\"@type\":\"Organization\",\"@id\":\"https:\/\/www.ceramiche-piemme.com\/de\/#organization\",\"name\":\"Ceramiche Piemme\",\"url\":\"https:\/\/www.ceramiche-piemme.com\/de\/\",\"logo\":{\"@type\":\"ImageObject\",\"inLanguage\":\"de\",\"@id\":\"https:\/\/www.ceramiche-piemme.com\/de\/#\/schema\/logo\/image\/\",\"url\":\"http:\/\/www.ceramiche-piemme.com\/wp-content\/uploads\/2023\/06\/logo.jpg\",\"contentUrl\":\"http:\/\/www.ceramiche-piemme.com\/wp-content\/uploads\/2023\/06\/logo.jpg\",\"width\":522,\"height\":87,\"caption\":\"Ceramiche Piemme\"},\"image\":{\"@id\":\"https:\/\/www.ceramiche-piemme.com\/de\/#\/schema\/logo\/image\/\"},\"sameAs\":[\"https:\/\/www.facebook.com\/CeramichePiemme\/\",\"https:\/\/x.com\/CeramichePiemme\",\"https:\/\/it.pinterest.com\/ceramichepiemme\/\",\"https:\/\/www.youtube.com\/user\/CERAMICHEPIEMME\",\"https:\/\/www.instagram.com\/ceramichepiemme\/\",\"https:\/\/www.linkedin.com\/company\/9676212\/\",\"https:\/\/vimeo.com\/ceramichepiemme\"]},{\"@type\":\"Person\",\"@id\":\"https:\/\/www.ceramiche-piemme.com\/de\/#\/schema\/person\/008ed7c8109a1d83d7c5132a72fa85c1\",\"name\":\"fabio.lodirizzini@gmail.com\",\"image\":{\"@type\":\"ImageObject\",\"inLanguage\":\"de\",\"@id\":\"https:\/\/www.ceramiche-piemme.com\/de\/#\/schema\/person\/image\/\",\"url\":\"https:\/\/secure.gravatar.com\/avatar\/9cd984998641e64eb557146bda0c021a407372d91e93b27ac8c9c54ed4f4b3fc?s=96&d=mm&r=g\",\"contentUrl\":\"https:\/\/secure.gravatar.com\/avatar\/9cd984998641e64eb557146bda0c021a407372d91e93b27ac8c9c54ed4f4b3fc?s=96&d=mm&r=g\",\"caption\":\"fabio.lodirizzini@gmail.com\"}}]}<\/script>\n<!-- \/ Yoast SEO plugin. -->","yoast_head_json":{"title":"TECHNIK UND DESIGN F\u00dcR DEN NEUEN AUSSTELLUNGSRAUM VON CERAMICHE PIEMME - Ceramiche Piemme","robots":{"index":"index","follow":"follow","max-snippet":"max-snippet:-1","max-image-preview":"max-image-preview:large","max-video-preview":"max-video-preview:-1"},"canonical":"https:\/\/www.ceramiche-piemme.com\/de\/technik-und-design-fuer-den-neuen-ausstellungsraum-von-ceramiche-piemme\/","og_locale":"de_DE","og_type":"article","og_title":"TECHNIK UND DESIGN F\u00dcR DEN NEUEN AUSSTELLUNGSRAUM VON CERAMICHE PIEMME - Ceramiche Piemme","og_description":"TECHNIK UND DESIGN F\u00dcR DEN NEUEN AUSSTELLUNGSRAUM VON CERAMICHE PIEMME Ceramiche Piemme er\u00f6ffnet den neuen Showroom des Unternehmens mit Open House Events f\u00fcr die internationalen Kunden.Ein [\u2026]","og_url":"https:\/\/www.ceramiche-piemme.com\/de\/technik-und-design-fuer-den-neuen-ausstellungsraum-von-ceramiche-piemme\/","og_site_name":"Ceramiche Piemme","article_publisher":"https:\/\/www.facebook.com\/CeramichePiemme\/","article_published_time":"2021-10-01T11:05:04+00:00","article_modified_time":"2023-10-17T13:30:18+00:00","og_image":[{"width":800,"height":533,"url":"https:\/\/www.ceramiche-piemme.com\/wp-content\/uploads\/2023\/09\/tec_news.jpg","type":"image\/jpeg"}],"author":"fabio.lodirizzini@gmail.com","twitter_card":"summary_large_image","twitter_creator":"@CeramichePiemme","twitter_site":"@CeramichePiemme","twitter_misc":{"Verfasst von":"fabio.lodirizzini@gmail.com","Gesch\u00e4tzte Lesezeit":"1\u00a0Minute"},"schema":{"@context":"https:\/\/schema.org","@graph":[{"@type":"Article","@id":"https:\/\/www.ceramiche-piemme.com\/de\/technik-und-design-fuer-den-neuen-ausstellungsraum-von-ceramiche-piemme\/#article","isPartOf":{"@id":"https:\/\/www.ceramiche-piemme.com\/de\/technik-und-design-fuer-den-neuen-ausstellungsraum-von-ceramiche-piemme\/"},"author":{"name":"fabio.lodirizzini@gmail.com","@id":"https:\/\/www.ceramiche-piemme.com\/de\/#\/schema\/person\/008ed7c8109a1d83d7c5132a72fa85c1"},"headline":"TECHNIK UND DESIGN F\u00dcR DEN NEUEN AUSSTELLUNGSRAUM VON CERAMICHE PIEMME","datePublished":"2021-10-01T11:05:04+00:00","dateModified":"2023-10-17T13:30:18+00:00","mainEntityOfPage":{"@id":"https:\/\/www.ceramiche-piemme.com\/de\/technik-und-design-fuer-den-neuen-ausstellungsraum-von-ceramiche-piemme\/"},"wordCount":294,"commentCount":0,"publisher":{"@id":"https:\/\/www.ceramiche-piemme.com\/de\/#organization"},"image":{"@id":"https:\/\/www.ceramiche-piemme.com\/de\/technik-und-design-fuer-den-neuen-ausstellungsraum-von-ceramiche-piemme\/#primaryimage"},"thumbnailUrl":"https:\/\/www.ceramiche-piemme.com\/wp-content\/uploads\/2023\/09\/tec_news.jpg","articleSection":["NACHRICHTEN"],"inLanguage":"de","potentialAction":[{"@type":"CommentAction","name":"Comment","target":["https:\/\/www.ceramiche-piemme.com\/de\/technik-und-design-fuer-den-neuen-ausstellungsraum-von-ceramiche-piemme\/#respond"]}]},{"@type":"WebPage","@id":"https:\/\/www.ceramiche-piemme.com\/de\/technik-und-design-fuer-den-neuen-ausstellungsraum-von-ceramiche-piemme\/","url":"https:\/\/www.ceramiche-piemme.com\/de\/technik-und-design-fuer-den-neuen-ausstellungsraum-von-ceramiche-piemme\/","name":"TECHNIK UND DESIGN F\u00dcR DEN NEUEN AUSSTELLUNGSRAUM VON CERAMICHE PIEMME - Ceramiche Piemme","isPartOf":{"@id":"https:\/\/www.ceramiche-piemme.com\/de\/#website"},"primaryImageOfPage":{"@id":"https:\/\/www.ceramiche-piemme.com\/de\/technik-und-design-fuer-den-neuen-ausstellungsraum-von-ceramiche-piemme\/#primaryimage"},"image":{"@id":"https:\/\/www.ceramiche-piemme.com\/de\/technik-und-design-fuer-den-neuen-ausstellungsraum-von-ceramiche-piemme\/#primaryimage"},"thumbnailUrl":"https:\/\/www.ceramiche-piemme.com\/wp-content\/uploads\/2023\/09\/tec_news.jpg","datePublished":"2021-10-01T11:05:04+00:00","dateModified":"2023-10-17T13:30:18+00:00","breadcrumb":{"@id":"https:\/\/www.ceramiche-piemme.com\/de\/technik-und-design-fuer-den-neuen-ausstellungsraum-von-ceramiche-piemme\/#breadcrumb"},"inLanguage":"de","potentialAction":[{"@type":"ReadAction","target":["https:\/\/www.ceramiche-piemme.com\/de\/technik-und-design-fuer-den-neuen-ausstellungsraum-von-ceramiche-piemme\/"]}]},{"@type":"ImageObject","inLanguage":"de","@id":"https:\/\/www.ceramiche-piemme.com\/de\/technik-und-design-fuer-den-neuen-ausstellungsraum-von-ceramiche-piemme\/#primaryimage","url":"https:\/\/www.ceramiche-piemme.com\/wp-content\/uploads\/2023\/09\/tec_news.jpg","contentUrl":"https:\/\/www.ceramiche-piemme.com\/wp-content\/uploads\/2023\/09\/tec_news.jpg","width":800,"height":533},{"@type":"BreadcrumbList","@id":"https:\/\/www.ceramiche-piemme.com\/de\/technik-und-design-fuer-den-neuen-ausstellungsraum-von-ceramiche-piemme\/#breadcrumb","itemListElement":[{"@type":"ListItem","position":1,"name":"Ceramiche Piemme","item":"https:\/\/www.ceramiche-piemme.com\/de\/"},{"@type":"ListItem","position":2,"name":"TECHNIK UND DESIGN F\u00dcR DEN NEUEN AUSSTELLUNGSRAUM VON CERAMICHE PIEMME"}]},{"@type":"WebSite","@id":"https:\/\/www.ceramiche-piemme.com\/de\/#website","url":"https:\/\/www.ceramiche-piemme.com\/de\/","name":"Ceramiche Piemme","description":"Ceramiche Piemme: Gres Porcellanato Made in Italy dal 1962","publisher":{"@id":"https:\/\/www.ceramiche-piemme.com\/de\/#organization"},"potentialAction":[{"@type":"SearchAction","target":{"@type":"EntryPoint","urlTemplate":"https:\/\/www.ceramiche-piemme.com\/de\/?s={search_term_string}"},"query-input":{"@type":"PropertyValueSpecification","valueRequired":true,"valueName":"search_term_string"}}],"inLanguage":"de"},{"@type":"Organization","@id":"https:\/\/www.ceramiche-piemme.com\/de\/#organization","name":"Ceramiche Piemme","url":"https:\/\/www.ceramiche-piemme.com\/de\/","logo":{"@type":"ImageObject","inLanguage":"de","@id":"https:\/\/www.ceramiche-piemme.com\/de\/#\/schema\/logo\/image\/","url":"http:\/\/www.ceramiche-piemme.com\/wp-content\/uploads\/2023\/06\/logo.jpg","contentUrl":"http:\/\/www.ceramiche-piemme.com\/wp-content\/uploads\/2023\/06\/logo.jpg","width":522,"height":87,"caption":"Ceramiche Piemme"},"image":{"@id":"https:\/\/www.ceramiche-piemme.com\/de\/#\/schema\/logo\/image\/"},"sameAs":["https:\/\/www.facebook.com\/CeramichePiemme\/","https:\/\/x.com\/CeramichePiemme","https:\/\/it.pinterest.com\/ceramichepiemme\/","https:\/\/www.youtube.com\/user\/CERAMICHEPIEMME","https:\/\/www.instagram.com\/ceramichepiemme\/","https:\/\/www.linkedin.com\/company\/9676212\/","https:\/\/vimeo.com\/ceramichepiemme"]},{"@type":"Person","@id":"https:\/\/www.ceramiche-piemme.com\/de\/#\/schema\/person\/008ed7c8109a1d83d7c5132a72fa85c1","name":"fabio.lodirizzini@gmail.com","image":{"@type":"ImageObject","inLanguage":"de","@id":"https:\/\/www.ceramiche-piemme.com\/de\/#\/schema\/person\/image\/","url":"https:\/\/secure.gravatar.com\/avatar\/9cd984998641e64eb557146bda0c021a407372d91e93b27ac8c9c54ed4f4b3fc?s=96&d=mm&r=g","contentUrl":"https:\/\/secure.gravatar.com\/avatar\/9cd984998641e64eb557146bda0c021a407372d91e93b27ac8c9c54ed4f4b3fc?s=96&d=mm&r=g","caption":"fabio.lodirizzini@gmail.com"}}]}},"_links":{"self":[{"href":"https:\/\/www.ceramiche-piemme.com\/de\/wp-json\/wp\/v2\/posts\/6718","targetHints":{"allow":["GET"]}}],"collection":[{"href":"https:\/\/www.ceramiche-piemme.com\/de\/wp-json\/wp\/v2\/posts"}],"about":[{"href":"https:\/\/www.ceramiche-piemme.com\/de\/wp-json\/wp\/v2\/types\/post"}],"author":[{"embeddable":true,"href":"https:\/\/www.ceramiche-piemme.com\/de\/wp-json\/wp\/v2\/users\/1"}],"replies":[{"embeddable":true,"href":"https:\/\/www.ceramiche-piemme.com\/de\/wp-json\/wp\/v2\/comments?post=6718"}],"version-history":[{"count":1,"href":"https:\/\/www.ceramiche-piemme.com\/de\/wp-json\/wp\/v2\/posts\/6718\/revisions"}],"predecessor-version":[{"id":6720,"href":"https:\/\/www.ceramiche-piemme.com\/de\/wp-json\/wp\/v2\/posts\/6718\/revisions\/6720"}],"wp:featuredmedia":[{"embeddable":true,"href":"https:\/\/www.ceramiche-piemme.com\/de\/wp-json\/wp\/v2\/media\/6719"}],"wp:attachment":[{"href":"https:\/\/www.ceramiche-piemme.com\/de\/wp-json\/wp\/v2\/media?parent=6718"}],"wp:term":[{"taxonomy":"category","embeddable":true,"href":"https:\/\/www.ceramiche-piemme.com\/de\/wp-json\/wp\/v2\/categories?post=6718"},{"taxonomy":"post_tag","embeddable":true,"href":"https:\/\/www.ceramiche-piemme.com\/de\/wp-json\/wp\/v2\/tags?post=6718"}],"curies":[{"name":"wp","href":"https:\/\/api.w.org\/{rel}","templated":true}]}}