{"id":6721,"date":"2021-09-15T11:07:23","date_gmt":"2021-09-15T11:07:23","guid":{"rendered":"https:\/\/www.ceramiche-piemme.com\/ceramiche-piemme-praesentiert-ibla\/"},"modified":"2023-10-17T13:31:37","modified_gmt":"2023-10-17T13:31:37","slug":"ceramiche-piemme-praesentiert-ibla","status":"publish","type":"post","link":"https:\/\/www.ceramiche-piemme.com\/de\/ceramiche-piemme-praesentiert-ibla\/","title":{"rendered":"CERAMICHE PIEMME PR\u00c4SENTIERT IBLA"},"content":{"rendered":"\t\t<div data-elementor-type=\"wp-post\" data-elementor-id=\"6721\" class=\"elementor elementor-6721 elementor-2239\" data-elementor-post-type=\"post\">\n\t\t\t\t\t\t<section class=\"elementor-section elementor-top-section elementor-element elementor-element-baa47e2 elementor-section-boxed elementor-section-height-default elementor-section-height-default\" data-id=\"baa47e2\" data-element_type=\"section\">\n\t\t\t\t\t\t<div class=\"elementor-container elementor-column-gap-default\">\n\t\t\t\t\t<div class=\"elementor-column elementor-col-100 elementor-top-column elementor-element elementor-element-2b228f2\" data-id=\"2b228f2\" data-element_type=\"column\">\n\t\t\t<div class=\"elementor-widget-wrap elementor-element-populated\">\n\t\t\t\t\t\t<div class=\"elementor-element elementor-element-dd1bd67 elementor-widget elementor-widget-text-editor\" data-id=\"dd1bd67\" data-element_type=\"widget\" data-widget_type=\"text-editor.default\">\n\t\t\t\t<div class=\"elementor-widget-container\">\n\t\t\t\t\t\t\t\t\t<h3 class=\"margin-b-40\">CERAMICHE PIEMME PR\u00c4SENTIERT IBLA<\/h3>\n<p>Exquisite italienische Handwerkskunst und Digitaltechnologien f\u00fcr die neue Ibla Feinsteinzeug-Linie von Ceramiche Piemme: Hier wird die ausgepr\u00e4gte taktile Wirkung des Ragusa \u201ePietra Pece\u201c Asphaltsteins mit dreidimensionalen Dekoren, die Muster und Reliefs traditioneller Spitze hervorbringen, in einer Kollektion kombiniert, die den alten Namen der UNESCO-Welterbestadt in sich tr\u00e4gt. <br \/>Die unverwechselbaren stilistischen Eigenschaften der Kunst und Kultur des alten Zentrums von Ragusa werden so zu echten zeitgem\u00e4\u00dfen Gestaltungsmitteln \u2013 verf\u00fcgbar f\u00fcr alle, die eine mediterrane Atmosph\u00e4re mit eleganten Andeutungen italienischer Handwerkskunst nachempfinden m\u00f6chten. Mithilfe der \u201eSynchro Digit\u201c-Technologie entwickelten die Designer von Piemme in einer Keramik robuste, teerfarbene Farben und Optiken mit einem Wechselspiel von matten und \u00fcberraschend gl\u00e4nzenden Oberfl\u00e4chen. Eine \u00c4hnlichkeit zum \u201eOriginal\u201c, die nicht nur auf den ersten Blick erkennbar ist, sondern dreidimensional wird.  <\/p>\n<\/p>\n<p>Eine avantgardistische Technologie, die ein Feinsteinzeug hervorbringt, das einfach zu installieren, umweltfreundlich sowie extrem widerstandsf\u00e4hig und dabei in der Lage ist, Innenr\u00e4umen einen besonderen Charakter zu verleihen und eine gro\u00dfe Gestaltungsvielfalt zu bieten.<br \/>In Kombination mit den vier einfarbigen Fliesenvarianten machen die \u201eTombolo\u201c Wandfliesen, das \u201eZagara\u201c Floraldekor und die Mosaike \u201eRagusa\u201c und \u201eOpus\u201c (in zwei Oberfl\u00e4chen: nat\u00fcrlich und poliert) Ibla zur einer sehr markanten Kollektion.<\/p>\n<\/p>\n<p>Wie auch die eher traditionellen Gr\u00f6\u00dfen bieten die neuen langen Fliesenplatten (30 x 119,5 cm) faszinierende Farbeffekte in verschiedenen Verlegemustern \u2013 sowohl auf dem Boden als auch an der Wand. Die schmale Fliese in der Gr\u00f6\u00dfe 10 x 60 cm und das Format Chevron mit 10 x 53 cm bilden die Basis f\u00fcr entweder das italienische (rechtwinkliger Block) oder franz\u00f6sische (Chevron) Fischgr\u00e4ten-Verlegemuster. <\/p>\n\t\t\t\t\t\t\t\t<\/div>\n\t\t\t\t<\/div>\n\t\t\t\t<div class=\"elementor-element elementor-element-6c215f6 elementor-share-buttons--view-icon elementor-share-buttons--shape-circle elementor-share-buttons--color-custom elementor-share-buttons--skin-gradient elementor-grid-0 elementor-widget elementor-widget-mdp-sharinger-elementor\" data-id=\"6c215f6\" data-element_type=\"widget\" data-widget_type=\"mdp-sharinger-elementor.default\">\n\t\t\t\t<div class=\"elementor-widget-container\">\n\t\t\t\t\t        <div class=\"elementor-grid mdp-sharinger\">\n                            <div class=\"elementor-grid-item\">\n                    <div class=\"elementor-share-btn elementor-share-btn_facebook elementor-animation-\" tabindex=\"0\" aria-label=\"Share on facebook\">\n                                                    <span class=\"elementor-share-btn__icon\">\n\t\t\t\t\t\t\t\t<i class=\"fab fa-facebook\" aria-hidden=\"true\"><\/i>\t\t\t\t\t\t\t<\/span>\n                                                                    <\/div>\n                <\/div>\n                                <div class=\"elementor-grid-item\">\n                    <div class=\"elementor-share-btn elementor-share-btn_twitter elementor-animation-\" tabindex=\"0\" aria-label=\"Share on twitter\">\n                                                    <span class=\"elementor-share-btn__icon\">\n\t\t\t\t\t\t\t\t<i class=\"fab fa-twitter\" aria-hidden=\"true\"><\/i>\t\t\t\t\t\t\t<\/span>\n                                                                    <\/div>\n                <\/div>\n                                <div class=\"elementor-grid-item\">\n                    <div class=\"elementor-share-btn elementor-share-btn_pinterest elementor-animation-\" tabindex=\"0\" aria-label=\"Share on pinterest\">\n                                                    <span class=\"elementor-share-btn__icon\">\n\t\t\t\t\t\t\t\t<i class=\"fab fa-pinterest\" aria-hidden=\"true\"><\/i>\t\t\t\t\t\t\t<\/span>\n                                                                    <\/div>\n                <\/div>\n                                <div class=\"elementor-grid-item\">\n                    <div class=\"elementor-share-btn elementor-share-btn_linkedin elementor-animation-\" tabindex=\"0\" aria-label=\"Share on linkedin\">\n                                                    <span class=\"elementor-share-btn__icon\">\n\t\t\t\t\t\t\t\t<i class=\"fab fa-linkedin\" aria-hidden=\"true\"><\/i>\t\t\t\t\t\t\t<\/span>\n                                                                    <\/div>\n                <\/div>\n                        <\/div>\n        \t\t\t\t<\/div>\n\t\t\t\t<\/div>\n\t\t\t\t<div class=\"elementor-element elementor-element-26968b3 elementor-widget elementor-widget-spacer\" data-id=\"26968b3\" data-element_type=\"widget\" data-widget_type=\"spacer.default\">\n\t\t\t\t<div class=\"elementor-widget-container\">\n\t\t\t\t\t\t\t<div class=\"elementor-spacer\">\n\t\t\t<div class=\"elementor-spacer-inner\"><\/div>\n\t\t<\/div>\n\t\t\t\t\t\t<\/div>\n\t\t\t\t<\/div>\n\t\t\t\t\t<\/div>\n\t\t<\/div>\n\t\t\t\t\t<\/div>\n\t\t<\/section>\n\t\t\t\t<\/div>\n\t\t","protected":false},"excerpt":{"rendered":"<p>CERAMICHE PIEMME PR\u00c4SENTIERT IBLA Exquisite italienische Handwerkskunst und Digitaltechnologien f\u00fcr die neue Ibla Feinsteinzeug-Linie von Ceramiche Piemme: Hier wird die ausgepr\u00e4gte taktile Wirkung des Ragusa \u201ePietra<span class=\"excerpt-hellip\"> [\u2026]<\/span><\/p>\n","protected":false},"author":1,"featured_media":6722,"comment_status":"open","ping_status":"open","sticky":false,"template":"","format":"standard","meta":{"_monsterinsights_skip_tracking":false,"_monsterinsights_sitenote_active":false,"_monsterinsights_sitenote_note":"","_monsterinsights_sitenote_category":0,"_uf_show_specific_survey":0,"_uf_disable_surveys":false,"footnotes":""},"categories":[396],"tags":[],"class_list":["post-6721","post","type-post","status-publish","format-standard","has-post-thumbnail","hentry","category-nachrichten"],"aioseo_notices":[],"yoast_head":"<!-- This site is optimized with the Yoast SEO plugin v25.3 - https:\/\/yoast.com\/wordpress\/plugins\/seo\/ -->\n<title>CERAMICHE PIEMME PR\u00c4SENTIERT IBLA - Ceramiche Piemme<\/title>\n<meta name=\"robots\" content=\"index, follow, max-snippet:-1, max-image-preview:large, max-video-preview:-1\" \/>\n<link rel=\"canonical\" href=\"https:\/\/www.ceramiche-piemme.com\/de\/ceramiche-piemme-praesentiert-ibla\/\" \/>\n<meta property=\"og:locale\" content=\"de_DE\" \/>\n<meta property=\"og:type\" content=\"article\" \/>\n<meta property=\"og:title\" content=\"CERAMICHE PIEMME PR\u00c4SENTIERT IBLA - Ceramiche Piemme\" \/>\n<meta property=\"og:description\" content=\"CERAMICHE PIEMME PR\u00c4SENTIERT IBLA Exquisite italienische Handwerkskunst und Digitaltechnologien f\u00fcr die neue Ibla Feinsteinzeug-Linie von Ceramiche Piemme: Hier wird die ausgepr\u00e4gte taktile Wirkung des Ragusa \u201ePietra [\u2026]\" \/>\n<meta property=\"og:url\" content=\"https:\/\/www.ceramiche-piemme.com\/de\/ceramiche-piemme-praesentiert-ibla\/\" \/>\n<meta property=\"og:site_name\" content=\"Ceramiche Piemme\" \/>\n<meta property=\"article:publisher\" content=\"https:\/\/www.facebook.com\/CeramichePiemme\/\" \/>\n<meta property=\"article:published_time\" content=\"2021-09-15T11:07:23+00:00\" \/>\n<meta property=\"article:modified_time\" content=\"2023-10-17T13:31:37+00:00\" \/>\n<meta property=\"og:image\" content=\"https:\/\/www.ceramiche-piemme.com\/wp-content\/uploads\/2023\/09\/ibla_news.jpg\" \/>\n\t<meta property=\"og:image:width\" content=\"800\" \/>\n\t<meta property=\"og:image:height\" content=\"533\" \/>\n\t<meta property=\"og:image:type\" content=\"image\/jpeg\" \/>\n<meta name=\"author\" content=\"fabio.lodirizzini@gmail.com\" \/>\n<meta name=\"twitter:card\" content=\"summary_large_image\" \/>\n<meta name=\"twitter:creator\" content=\"@CeramichePiemme\" \/>\n<meta name=\"twitter:site\" content=\"@CeramichePiemme\" \/>\n<meta name=\"twitter:label1\" content=\"Verfasst von\" \/>\n\t<meta name=\"twitter:data1\" content=\"fabio.lodirizzini@gmail.com\" \/>\n\t<meta name=\"twitter:label2\" content=\"Gesch\u00e4tzte Lesezeit\" \/>\n\t<meta name=\"twitter:data2\" content=\"1\u00a0Minute\" \/>\n<script type=\"application\/ld+json\" class=\"yoast-schema-graph\">{\"@context\":\"https:\/\/schema.org\",\"@graph\":[{\"@type\":\"Article\",\"@id\":\"https:\/\/www.ceramiche-piemme.com\/de\/ceramiche-piemme-praesentiert-ibla\/#article\",\"isPartOf\":{\"@id\":\"https:\/\/www.ceramiche-piemme.com\/de\/ceramiche-piemme-praesentiert-ibla\/\"},\"author\":{\"name\":\"fabio.lodirizzini@gmail.com\",\"@id\":\"https:\/\/www.ceramiche-piemme.com\/de\/#\/schema\/person\/008ed7c8109a1d83d7c5132a72fa85c1\"},\"headline\":\"CERAMICHE PIEMME PR\u00c4SENTIERT IBLA\",\"datePublished\":\"2021-09-15T11:07:23+00:00\",\"dateModified\":\"2023-10-17T13:31:37+00:00\",\"mainEntityOfPage\":{\"@id\":\"https:\/\/www.ceramiche-piemme.com\/de\/ceramiche-piemme-praesentiert-ibla\/\"},\"wordCount\":273,\"commentCount\":0,\"publisher\":{\"@id\":\"https:\/\/www.ceramiche-piemme.com\/de\/#organization\"},\"image\":{\"@id\":\"https:\/\/www.ceramiche-piemme.com\/de\/ceramiche-piemme-praesentiert-ibla\/#primaryimage\"},\"thumbnailUrl\":\"https:\/\/www.ceramiche-piemme.com\/wp-content\/uploads\/2023\/09\/ibla_news.jpg\",\"articleSection\":[\"NACHRICHTEN\"],\"inLanguage\":\"de\",\"potentialAction\":[{\"@type\":\"CommentAction\",\"name\":\"Comment\",\"target\":[\"https:\/\/www.ceramiche-piemme.com\/de\/ceramiche-piemme-praesentiert-ibla\/#respond\"]}]},{\"@type\":\"WebPage\",\"@id\":\"https:\/\/www.ceramiche-piemme.com\/de\/ceramiche-piemme-praesentiert-ibla\/\",\"url\":\"https:\/\/www.ceramiche-piemme.com\/de\/ceramiche-piemme-praesentiert-ibla\/\",\"name\":\"CERAMICHE PIEMME PR\u00c4SENTIERT IBLA - Ceramiche Piemme\",\"isPartOf\":{\"@id\":\"https:\/\/www.ceramiche-piemme.com\/de\/#website\"},\"primaryImageOfPage\":{\"@id\":\"https:\/\/www.ceramiche-piemme.com\/de\/ceramiche-piemme-praesentiert-ibla\/#primaryimage\"},\"image\":{\"@id\":\"https:\/\/www.ceramiche-piemme.com\/de\/ceramiche-piemme-praesentiert-ibla\/#primaryimage\"},\"thumbnailUrl\":\"https:\/\/www.ceramiche-piemme.com\/wp-content\/uploads\/2023\/09\/ibla_news.jpg\",\"datePublished\":\"2021-09-15T11:07:23+00:00\",\"dateModified\":\"2023-10-17T13:31:37+00:00\",\"breadcrumb\":{\"@id\":\"https:\/\/www.ceramiche-piemme.com\/de\/ceramiche-piemme-praesentiert-ibla\/#breadcrumb\"},\"inLanguage\":\"de\",\"potentialAction\":[{\"@type\":\"ReadAction\",\"target\":[\"https:\/\/www.ceramiche-piemme.com\/de\/ceramiche-piemme-praesentiert-ibla\/\"]}]},{\"@type\":\"ImageObject\",\"inLanguage\":\"de\",\"@id\":\"https:\/\/www.ceramiche-piemme.com\/de\/ceramiche-piemme-praesentiert-ibla\/#primaryimage\",\"url\":\"https:\/\/www.ceramiche-piemme.com\/wp-content\/uploads\/2023\/09\/ibla_news.jpg\",\"contentUrl\":\"https:\/\/www.ceramiche-piemme.com\/wp-content\/uploads\/2023\/09\/ibla_news.jpg\",\"width\":800,\"height\":533},{\"@type\":\"BreadcrumbList\",\"@id\":\"https:\/\/www.ceramiche-piemme.com\/de\/ceramiche-piemme-praesentiert-ibla\/#breadcrumb\",\"itemListElement\":[{\"@type\":\"ListItem\",\"position\":1,\"name\":\"Ceramiche Piemme\",\"item\":\"https:\/\/www.ceramiche-piemme.com\/de\/\"},{\"@type\":\"ListItem\",\"position\":2,\"name\":\"CERAMICHE PIEMME PR\u00c4SENTIERT IBLA\"}]},{\"@type\":\"WebSite\",\"@id\":\"https:\/\/www.ceramiche-piemme.com\/de\/#website\",\"url\":\"https:\/\/www.ceramiche-piemme.com\/de\/\",\"name\":\"Ceramiche Piemme\",\"description\":\"Ceramiche Piemme: Gres Porcellanato Made in Italy dal 1962\",\"publisher\":{\"@id\":\"https:\/\/www.ceramiche-piemme.com\/de\/#organization\"},\"potentialAction\":[{\"@type\":\"SearchAction\",\"target\":{\"@type\":\"EntryPoint\",\"urlTemplate\":\"https:\/\/www.ceramiche-piemme.com\/de\/?s={search_term_string}\"},\"query-input\":{\"@type\":\"PropertyValueSpecification\",\"valueRequired\":true,\"valueName\":\"search_term_string\"}}],\"inLanguage\":\"de\"},{\"@type\":\"Organization\",\"@id\":\"https:\/\/www.ceramiche-piemme.com\/de\/#organization\",\"name\":\"Ceramiche Piemme\",\"url\":\"https:\/\/www.ceramiche-piemme.com\/de\/\",\"logo\":{\"@type\":\"ImageObject\",\"inLanguage\":\"de\",\"@id\":\"https:\/\/www.ceramiche-piemme.com\/de\/#\/schema\/logo\/image\/\",\"url\":\"http:\/\/www.ceramiche-piemme.com\/wp-content\/uploads\/2023\/06\/logo.jpg\",\"contentUrl\":\"http:\/\/www.ceramiche-piemme.com\/wp-content\/uploads\/2023\/06\/logo.jpg\",\"width\":522,\"height\":87,\"caption\":\"Ceramiche Piemme\"},\"image\":{\"@id\":\"https:\/\/www.ceramiche-piemme.com\/de\/#\/schema\/logo\/image\/\"},\"sameAs\":[\"https:\/\/www.facebook.com\/CeramichePiemme\/\",\"https:\/\/x.com\/CeramichePiemme\",\"https:\/\/it.pinterest.com\/ceramichepiemme\/\",\"https:\/\/www.youtube.com\/user\/CERAMICHEPIEMME\",\"https:\/\/www.instagram.com\/ceramichepiemme\/\",\"https:\/\/www.linkedin.com\/company\/9676212\/\",\"https:\/\/vimeo.com\/ceramichepiemme\"]},{\"@type\":\"Person\",\"@id\":\"https:\/\/www.ceramiche-piemme.com\/de\/#\/schema\/person\/008ed7c8109a1d83d7c5132a72fa85c1\",\"name\":\"fabio.lodirizzini@gmail.com\",\"image\":{\"@type\":\"ImageObject\",\"inLanguage\":\"de\",\"@id\":\"https:\/\/www.ceramiche-piemme.com\/de\/#\/schema\/person\/image\/\",\"url\":\"https:\/\/secure.gravatar.com\/avatar\/9cd984998641e64eb557146bda0c021a407372d91e93b27ac8c9c54ed4f4b3fc?s=96&d=mm&r=g\",\"contentUrl\":\"https:\/\/secure.gravatar.com\/avatar\/9cd984998641e64eb557146bda0c021a407372d91e93b27ac8c9c54ed4f4b3fc?s=96&d=mm&r=g\",\"caption\":\"fabio.lodirizzini@gmail.com\"}}]}<\/script>\n<!-- \/ Yoast SEO plugin. -->","yoast_head_json":{"title":"CERAMICHE PIEMME PR\u00c4SENTIERT IBLA - Ceramiche Piemme","robots":{"index":"index","follow":"follow","max-snippet":"max-snippet:-1","max-image-preview":"max-image-preview:large","max-video-preview":"max-video-preview:-1"},"canonical":"https:\/\/www.ceramiche-piemme.com\/de\/ceramiche-piemme-praesentiert-ibla\/","og_locale":"de_DE","og_type":"article","og_title":"CERAMICHE PIEMME PR\u00c4SENTIERT IBLA - Ceramiche Piemme","og_description":"CERAMICHE PIEMME PR\u00c4SENTIERT IBLA Exquisite italienische Handwerkskunst und Digitaltechnologien f\u00fcr die neue Ibla Feinsteinzeug-Linie von Ceramiche Piemme: Hier wird die ausgepr\u00e4gte taktile Wirkung des Ragusa \u201ePietra [\u2026]","og_url":"https:\/\/www.ceramiche-piemme.com\/de\/ceramiche-piemme-praesentiert-ibla\/","og_site_name":"Ceramiche Piemme","article_publisher":"https:\/\/www.facebook.com\/CeramichePiemme\/","article_published_time":"2021-09-15T11:07:23+00:00","article_modified_time":"2023-10-17T13:31:37+00:00","og_image":[{"width":800,"height":533,"url":"https:\/\/www.ceramiche-piemme.com\/wp-content\/uploads\/2023\/09\/ibla_news.jpg","type":"image\/jpeg"}],"author":"fabio.lodirizzini@gmail.com","twitter_card":"summary_large_image","twitter_creator":"@CeramichePiemme","twitter_site":"@CeramichePiemme","twitter_misc":{"Verfasst von":"fabio.lodirizzini@gmail.com","Gesch\u00e4tzte Lesezeit":"1\u00a0Minute"},"schema":{"@context":"https:\/\/schema.org","@graph":[{"@type":"Article","@id":"https:\/\/www.ceramiche-piemme.com\/de\/ceramiche-piemme-praesentiert-ibla\/#article","isPartOf":{"@id":"https:\/\/www.ceramiche-piemme.com\/de\/ceramiche-piemme-praesentiert-ibla\/"},"author":{"name":"fabio.lodirizzini@gmail.com","@id":"https:\/\/www.ceramiche-piemme.com\/de\/#\/schema\/person\/008ed7c8109a1d83d7c5132a72fa85c1"},"headline":"CERAMICHE PIEMME PR\u00c4SENTIERT IBLA","datePublished":"2021-09-15T11:07:23+00:00","dateModified":"2023-10-17T13:31:37+00:00","mainEntityOfPage":{"@id":"https:\/\/www.ceramiche-piemme.com\/de\/ceramiche-piemme-praesentiert-ibla\/"},"wordCount":273,"commentCount":0,"publisher":{"@id":"https:\/\/www.ceramiche-piemme.com\/de\/#organization"},"image":{"@id":"https:\/\/www.ceramiche-piemme.com\/de\/ceramiche-piemme-praesentiert-ibla\/#primaryimage"},"thumbnailUrl":"https:\/\/www.ceramiche-piemme.com\/wp-content\/uploads\/2023\/09\/ibla_news.jpg","articleSection":["NACHRICHTEN"],"inLanguage":"de","potentialAction":[{"@type":"CommentAction","name":"Comment","target":["https:\/\/www.ceramiche-piemme.com\/de\/ceramiche-piemme-praesentiert-ibla\/#respond"]}]},{"@type":"WebPage","@id":"https:\/\/www.ceramiche-piemme.com\/de\/ceramiche-piemme-praesentiert-ibla\/","url":"https:\/\/www.ceramiche-piemme.com\/de\/ceramiche-piemme-praesentiert-ibla\/","name":"CERAMICHE PIEMME PR\u00c4SENTIERT IBLA - Ceramiche Piemme","isPartOf":{"@id":"https:\/\/www.ceramiche-piemme.com\/de\/#website"},"primaryImageOfPage":{"@id":"https:\/\/www.ceramiche-piemme.com\/de\/ceramiche-piemme-praesentiert-ibla\/#primaryimage"},"image":{"@id":"https:\/\/www.ceramiche-piemme.com\/de\/ceramiche-piemme-praesentiert-ibla\/#primaryimage"},"thumbnailUrl":"https:\/\/www.ceramiche-piemme.com\/wp-content\/uploads\/2023\/09\/ibla_news.jpg","datePublished":"2021-09-15T11:07:23+00:00","dateModified":"2023-10-17T13:31:37+00:00","breadcrumb":{"@id":"https:\/\/www.ceramiche-piemme.com\/de\/ceramiche-piemme-praesentiert-ibla\/#breadcrumb"},"inLanguage":"de","potentialAction":[{"@type":"ReadAction","target":["https:\/\/www.ceramiche-piemme.com\/de\/ceramiche-piemme-praesentiert-ibla\/"]}]},{"@type":"ImageObject","inLanguage":"de","@id":"https:\/\/www.ceramiche-piemme.com\/de\/ceramiche-piemme-praesentiert-ibla\/#primaryimage","url":"https:\/\/www.ceramiche-piemme.com\/wp-content\/uploads\/2023\/09\/ibla_news.jpg","contentUrl":"https:\/\/www.ceramiche-piemme.com\/wp-content\/uploads\/2023\/09\/ibla_news.jpg","width":800,"height":533},{"@type":"BreadcrumbList","@id":"https:\/\/www.ceramiche-piemme.com\/de\/ceramiche-piemme-praesentiert-ibla\/#breadcrumb","itemListElement":[{"@type":"ListItem","position":1,"name":"Ceramiche Piemme","item":"https:\/\/www.ceramiche-piemme.com\/de\/"},{"@type":"ListItem","position":2,"name":"CERAMICHE PIEMME PR\u00c4SENTIERT IBLA"}]},{"@type":"WebSite","@id":"https:\/\/www.ceramiche-piemme.com\/de\/#website","url":"https:\/\/www.ceramiche-piemme.com\/de\/","name":"Ceramiche Piemme","description":"Ceramiche Piemme: Gres Porcellanato Made in Italy dal 1962","publisher":{"@id":"https:\/\/www.ceramiche-piemme.com\/de\/#organization"},"potentialAction":[{"@type":"SearchAction","target":{"@type":"EntryPoint","urlTemplate":"https:\/\/www.ceramiche-piemme.com\/de\/?s={search_term_string}"},"query-input":{"@type":"PropertyValueSpecification","valueRequired":true,"valueName":"search_term_string"}}],"inLanguage":"de"},{"@type":"Organization","@id":"https:\/\/www.ceramiche-piemme.com\/de\/#organization","name":"Ceramiche Piemme","url":"https:\/\/www.ceramiche-piemme.com\/de\/","logo":{"@type":"ImageObject","inLanguage":"de","@id":"https:\/\/www.ceramiche-piemme.com\/de\/#\/schema\/logo\/image\/","url":"http:\/\/www.ceramiche-piemme.com\/wp-content\/uploads\/2023\/06\/logo.jpg","contentUrl":"http:\/\/www.ceramiche-piemme.com\/wp-content\/uploads\/2023\/06\/logo.jpg","width":522,"height":87,"caption":"Ceramiche Piemme"},"image":{"@id":"https:\/\/www.ceramiche-piemme.com\/de\/#\/schema\/logo\/image\/"},"sameAs":["https:\/\/www.facebook.com\/CeramichePiemme\/","https:\/\/x.com\/CeramichePiemme","https:\/\/it.pinterest.com\/ceramichepiemme\/","https:\/\/www.youtube.com\/user\/CERAMICHEPIEMME","https:\/\/www.instagram.com\/ceramichepiemme\/","https:\/\/www.linkedin.com\/company\/9676212\/","https:\/\/vimeo.com\/ceramichepiemme"]},{"@type":"Person","@id":"https:\/\/www.ceramiche-piemme.com\/de\/#\/schema\/person\/008ed7c8109a1d83d7c5132a72fa85c1","name":"fabio.lodirizzini@gmail.com","image":{"@type":"ImageObject","inLanguage":"de","@id":"https:\/\/www.ceramiche-piemme.com\/de\/#\/schema\/person\/image\/","url":"https:\/\/secure.gravatar.com\/avatar\/9cd984998641e64eb557146bda0c021a407372d91e93b27ac8c9c54ed4f4b3fc?s=96&d=mm&r=g","contentUrl":"https:\/\/secure.gravatar.com\/avatar\/9cd984998641e64eb557146bda0c021a407372d91e93b27ac8c9c54ed4f4b3fc?s=96&d=mm&r=g","caption":"fabio.lodirizzini@gmail.com"}}]}},"_links":{"self":[{"href":"https:\/\/www.ceramiche-piemme.com\/de\/wp-json\/wp\/v2\/posts\/6721","targetHints":{"allow":["GET"]}}],"collection":[{"href":"https:\/\/www.ceramiche-piemme.com\/de\/wp-json\/wp\/v2\/posts"}],"about":[{"href":"https:\/\/www.ceramiche-piemme.com\/de\/wp-json\/wp\/v2\/types\/post"}],"author":[{"embeddable":true,"href":"https:\/\/www.ceramiche-piemme.com\/de\/wp-json\/wp\/v2\/users\/1"}],"replies":[{"embeddable":true,"href":"https:\/\/www.ceramiche-piemme.com\/de\/wp-json\/wp\/v2\/comments?post=6721"}],"version-history":[{"count":1,"href":"https:\/\/www.ceramiche-piemme.com\/de\/wp-json\/wp\/v2\/posts\/6721\/revisions"}],"predecessor-version":[{"id":6723,"href":"https:\/\/www.ceramiche-piemme.com\/de\/wp-json\/wp\/v2\/posts\/6721\/revisions\/6723"}],"wp:featuredmedia":[{"embeddable":true,"href":"https:\/\/www.ceramiche-piemme.com\/de\/wp-json\/wp\/v2\/media\/6722"}],"wp:attachment":[{"href":"https:\/\/www.ceramiche-piemme.com\/de\/wp-json\/wp\/v2\/media?parent=6721"}],"wp:term":[{"taxonomy":"category","embeddable":true,"href":"https:\/\/www.ceramiche-piemme.com\/de\/wp-json\/wp\/v2\/categories?post=6721"},{"taxonomy":"post_tag","embeddable":true,"href":"https:\/\/www.ceramiche-piemme.com\/de\/wp-json\/wp\/v2\/tags?post=6721"}],"curies":[{"name":"wp","href":"https:\/\/api.w.org\/{rel}","templated":true}]}}