{"id":11141,"date":"2024-12-06T10:29:23","date_gmt":"2024-12-06T10:29:23","guid":{"rendered":"https:\/\/www.ceramiche-piemme.com\/?p=11141"},"modified":"2024-12-06T10:37:39","modified_gmt":"2024-12-06T10:37:39","slug":"la-reduction-de-lepaisseur-une-revolution-dans-le-design-durable","status":"publish","type":"post","link":"https:\/\/www.ceramiche-piemme.com\/fr\/la-reduction-de-lepaisseur-une-revolution-dans-le-design-durable\/","title":{"rendered":"LA R\u00c9DUCTION DE L\u2019\u00c9PAISSEUR: UNE R\u00c9VOLUTION DANS LE DESIGN DURABLE"},"content":{"rendered":"\t\t<div data-elementor-type=\"wp-post\" data-elementor-id=\"11141\" class=\"elementor elementor-11141 elementor-11139\" data-elementor-post-type=\"post\">\n\t\t\t\t\t\t<section class=\"elementor-section elementor-top-section elementor-element elementor-element-baa47e2 elementor-section-boxed elementor-section-height-default elementor-section-height-default\" data-id=\"baa47e2\" data-element_type=\"section\">\n\t\t\t\t\t\t<div class=\"elementor-container elementor-column-gap-default\">\n\t\t\t\t\t<div class=\"elementor-column elementor-col-100 elementor-top-column elementor-element elementor-element-2b228f2\" data-id=\"2b228f2\" data-element_type=\"column\">\n\t\t\t<div class=\"elementor-widget-wrap elementor-element-populated\">\n\t\t\t\t\t\t<div class=\"elementor-element elementor-element-dd1bd67 elementor-widget elementor-widget-text-editor\" data-id=\"dd1bd67\" data-element_type=\"widget\" data-widget_type=\"text-editor.default\">\n\t\t\t\t<div class=\"elementor-widget-container\">\n\t\t\t\t\t\t\t\t\t<h3>LA R\u00c9DUCTION DE L\u2019\u00c9PAISSEUR: UNE R\u00c9VOLUTION DANS LE DESIGN DURABLE<\/h3>\n<div>&nbsp;<\/div>\n<p>Ces derni\u00e8res ann\u00e9es, la <strong>r\u00e9duction de l\u2019\u00e9paisseur<\/strong> s\u2019est impos\u00e9e comme une v\u00e9ritable r\u00e9volution dans le domaine des rev\u00eatements, repr\u00e9sentant un tournant pour les architectes, les designers et les entreprises manufacturi\u00e8res. Cette philosophie de conception innovante, qui privil\u00e9gie la <strong>l\u00e9g\u00e8ret\u00e9 et la polyvalence<\/strong>, facilite l\u2019installation des produits, les rendant adapt\u00e9s \u00e0 une large gamme de projets, allant du design d\u2019int\u00e9rieur aux constructions de grande envergure.<\/p>\n<p>La l\u00e9g\u00e8ret\u00e9 des mat\u00e9riaux les rend non seulement plus faciles \u00e0 manipuler et \u00e0 poser, mais aussi extr\u00eamement flexibles, permettant de s\u2019adapter sans difficult\u00e9 aux surfaces courbes ou irr\u00e9guli\u00e8res. Cette souplesse permet de corriger les d\u00e9fauts existants sans interventions invasives ce qui simplifie encore plus le processus d\u2019installation. En plus des avantages pratiques, l\u2019utilisation de ces carreaux fins offre des b\u00e9n\u00e9fices environnementaux significatifs. La possibilit\u00e9 de rev\u00eatir des surfaces sans devoir d\u00e9molir et enlever les carreaux existants repr\u00e9sente un grand progr\u00e8s dans le domaine de la r\u00e9novation. En effet, cette pratique r\u00e9duit le temps et les co\u00fbts de main-d\u2019\u0153uvre et contribue \u00e9galement \u00e0 minimiser le gaspillage de mat\u00e9riaux et l\u2019\u00e9nergie n\u00e9cessaire pour le transport et l\u2019\u00e9limination des vieux carreaux. Ainsi, ils constituent une option non seulement \u00e9conomiquement avantageuse mais aussi <strong>fortement durable.<\/strong><\/p>\n<p>Un autre aspect est l\u2019utilisation r\u00e9duite de mati\u00e8res premi\u00e8res et le choix de mat\u00e9riaux recyclables. Gr\u00e2ce \u00e0 l\u2019optimisation des processus de production, il est possible de r\u00e9duire de mani\u00e8re significative la consommation de ressources naturelles et les \u00e9missions de gaz \u00e0 effet de serre, garantissant un produit final de haute qualit\u00e9 et <strong>respectueux de l\u2019environnement.<\/strong><\/p>\n<p>En r\u00e9sum\u00e9, la r\u00e9duction de l\u2019\u00e9paisseur marque une \u00e9tape importante dans le design moderne, favorisant des solutions innovantes qui r\u00e9pondent aux besoins d\u2019un monde en constante \u00e9volution.<\/p>\t\t\t\t\t\t\t\t<\/div>\n\t\t\t\t<\/div>\n\t\t\t\t<div class=\"elementor-element elementor-element-6c215f6 elementor-share-buttons--view-icon elementor-share-buttons--shape-circle elementor-share-buttons--color-custom elementor-share-buttons--skin-gradient elementor-grid-0 elementor-widget elementor-widget-mdp-sharinger-elementor\" data-id=\"6c215f6\" data-element_type=\"widget\" data-widget_type=\"mdp-sharinger-elementor.default\">\n\t\t\t\t<div class=\"elementor-widget-container\">\n\t\t\t\t\t        <div class=\"elementor-grid mdp-sharinger\">\n                            <div class=\"elementor-grid-item\">\n                    <div class=\"elementor-share-btn elementor-share-btn_facebook elementor-animation-\" tabindex=\"0\" aria-label=\"Share on facebook\">\n                                                    <span class=\"elementor-share-btn__icon\">\n\t\t\t\t\t\t\t\t<i class=\"fab fa-facebook\" aria-hidden=\"true\"><\/i>\t\t\t\t\t\t\t<\/span>\n                                                                    <\/div>\n                <\/div>\n                                <div class=\"elementor-grid-item\">\n                    <div class=\"elementor-share-btn elementor-share-btn_twitter elementor-animation-\" tabindex=\"0\" aria-label=\"Share on twitter\">\n                                                    <span class=\"elementor-share-btn__icon\">\n\t\t\t\t\t\t\t\t<i class=\"fab fa-twitter\" aria-hidden=\"true\"><\/i>\t\t\t\t\t\t\t<\/span>\n                                                                    <\/div>\n                <\/div>\n                                <div class=\"elementor-grid-item\">\n                    <div class=\"elementor-share-btn elementor-share-btn_pinterest elementor-animation-\" tabindex=\"0\" aria-label=\"Share on pinterest\">\n                                                    <span class=\"elementor-share-btn__icon\">\n\t\t\t\t\t\t\t\t<i class=\"fab fa-pinterest\" aria-hidden=\"true\"><\/i>\t\t\t\t\t\t\t<\/span>\n                                                                    <\/div>\n                <\/div>\n                                <div class=\"elementor-grid-item\">\n                    <div class=\"elementor-share-btn elementor-share-btn_linkedin elementor-animation-\" tabindex=\"0\" aria-label=\"Share on linkedin\">\n                                                    <span class=\"elementor-share-btn__icon\">\n\t\t\t\t\t\t\t\t<i class=\"fab fa-linkedin\" aria-hidden=\"true\"><\/i>\t\t\t\t\t\t\t<\/span>\n                                                                    <\/div>\n                <\/div>\n                        <\/div>\n        \t\t\t\t<\/div>\n\t\t\t\t<\/div>\n\t\t\t\t<div class=\"elementor-element elementor-element-26968b3 elementor-widget elementor-widget-spacer\" data-id=\"26968b3\" data-element_type=\"widget\" data-widget_type=\"spacer.default\">\n\t\t\t\t<div class=\"elementor-widget-container\">\n\t\t\t\t\t\t\t<div class=\"elementor-spacer\">\n\t\t\t<div class=\"elementor-spacer-inner\"><\/div>\n\t\t<\/div>\n\t\t\t\t\t\t<\/div>\n\t\t\t\t<\/div>\n\t\t\t\t\t<\/div>\n\t\t<\/div>\n\t\t\t\t\t<\/div>\n\t\t<\/section>\n\t\t\t\t<\/div>\n\t\t","protected":false},"excerpt":{"rendered":"<p>LA R\u00c9DUCTION DE L\u2019\u00c9PAISSEUR: UNE R\u00c9VOLUTION DANS LE DESIGN DURABLE &nbsp; Ces derni\u00e8res ann\u00e9es, la r\u00e9duction de l\u2019\u00e9paisseur s\u2019est impos\u00e9e comme une v\u00e9ritable r\u00e9volution dans le<span class=\"excerpt-hellip\"> [\u2026]<\/span><\/p>\n","protected":false},"author":3,"featured_media":11152,"comment_status":"open","ping_status":"open","sticky":false,"template":"","format":"standard","meta":{"_monsterinsights_skip_tracking":false,"_monsterinsights_sitenote_active":false,"_monsterinsights_sitenote_note":"","_monsterinsights_sitenote_category":0,"_uf_show_specific_survey":0,"_uf_disable_surveys":false,"footnotes":""},"categories":[183],"tags":[],"class_list":["post-11141","post","type-post","status-publish","format-standard","has-post-thumbnail","hentry","category-news"],"aioseo_notices":[],"yoast_head":"<!-- This site is optimized with the Yoast SEO plugin v25.3 - https:\/\/yoast.com\/wordpress\/plugins\/seo\/ -->\n<title>LA R\u00c9DUCTION DE L\u2019\u00c9PAISSEUR: UNE R\u00c9VOLUTION DANS LE DESIGN DURABLE - Ceramiche Piemme<\/title>\n<meta name=\"description\" content=\"Cette philosophie de conception innovante, qui privil\u00e9gie la l\u00e9g\u00e8ret\u00e9 et la polyvalence, facilite l\u2019installation des produits, les rendant adapt\u00e9s \u00e0 une large gamme de projets.\" \/>\n<meta name=\"robots\" content=\"index, follow, max-snippet:-1, max-image-preview:large, max-video-preview:-1\" \/>\n<link rel=\"canonical\" href=\"https:\/\/www.ceramiche-piemme.com\/fr\/la-reduction-de-lepaisseur-une-revolution-dans-le-design-durable\/\" \/>\n<meta property=\"og:locale\" content=\"fr_FR\" \/>\n<meta property=\"og:type\" content=\"article\" \/>\n<meta property=\"og:title\" content=\"LA R\u00c9DUCTION DE L\u2019\u00c9PAISSEUR: UNE R\u00c9VOLUTION DANS LE DESIGN DURABLE - Ceramiche Piemme\" \/>\n<meta property=\"og:description\" content=\"Cette philosophie de conception innovante, qui privil\u00e9gie la l\u00e9g\u00e8ret\u00e9 et la polyvalence, facilite l\u2019installation des produits, les rendant adapt\u00e9s \u00e0 une large gamme de projets.\" \/>\n<meta property=\"og:url\" content=\"https:\/\/www.ceramiche-piemme.com\/fr\/la-reduction-de-lepaisseur-une-revolution-dans-le-design-durable\/\" \/>\n<meta property=\"og:site_name\" content=\"Ceramiche Piemme\" \/>\n<meta property=\"article:publisher\" content=\"https:\/\/www.facebook.com\/CeramichePiemme\/\" \/>\n<meta property=\"article:published_time\" content=\"2024-12-06T10:29:23+00:00\" \/>\n<meta property=\"article:modified_time\" content=\"2024-12-06T10:37:39+00:00\" \/>\n<meta property=\"og:image\" content=\"https:\/\/www.ceramiche-piemme.com\/wp-content\/uploads\/foto-per-sito_blog.jpg\" \/>\n\t<meta property=\"og:image:width\" content=\"800\" \/>\n\t<meta property=\"og:image:height\" content=\"533\" \/>\n\t<meta property=\"og:image:type\" content=\"image\/jpeg\" \/>\n<meta name=\"author\" content=\"Federica\" \/>\n<meta name=\"twitter:card\" content=\"summary_large_image\" \/>\n<meta name=\"twitter:creator\" content=\"@CeramichePiemme\" \/>\n<meta name=\"twitter:site\" content=\"@CeramichePiemme\" \/>\n<meta name=\"twitter:label1\" content=\"\u00c9crit par\" \/>\n\t<meta name=\"twitter:data1\" content=\"Federica\" \/>\n\t<meta name=\"twitter:label2\" content=\"Dur\u00e9e de lecture estim\u00e9e\" \/>\n\t<meta name=\"twitter:data2\" content=\"2 minutes\" \/>\n<script type=\"application\/ld+json\" class=\"yoast-schema-graph\">{\"@context\":\"https:\/\/schema.org\",\"@graph\":[{\"@type\":\"Article\",\"@id\":\"https:\/\/www.ceramiche-piemme.com\/fr\/la-reduction-de-lepaisseur-une-revolution-dans-le-design-durable\/#article\",\"isPartOf\":{\"@id\":\"https:\/\/www.ceramiche-piemme.com\/fr\/la-reduction-de-lepaisseur-une-revolution-dans-le-design-durable\/\"},\"author\":{\"name\":\"Federica\",\"@id\":\"https:\/\/www.ceramiche-piemme.com\/fr\/#\/schema\/person\/625c48f9c95caf1f865e60c9f0f3190a\"},\"headline\":\"LA R\u00c9DUCTION DE L\u2019\u00c9PAISSEUR: UNE R\u00c9VOLUTION DANS LE DESIGN DURABLE\",\"datePublished\":\"2024-12-06T10:29:23+00:00\",\"dateModified\":\"2024-12-06T10:37:39+00:00\",\"mainEntityOfPage\":{\"@id\":\"https:\/\/www.ceramiche-piemme.com\/fr\/la-reduction-de-lepaisseur-une-revolution-dans-le-design-durable\/\"},\"wordCount\":356,\"commentCount\":0,\"publisher\":{\"@id\":\"https:\/\/www.ceramiche-piemme.com\/fr\/#organization\"},\"image\":{\"@id\":\"https:\/\/www.ceramiche-piemme.com\/fr\/la-reduction-de-lepaisseur-une-revolution-dans-le-design-durable\/#primaryimage\"},\"thumbnailUrl\":\"https:\/\/www.ceramiche-piemme.com\/wp-content\/uploads\/foto-per-sito_blog.jpg\",\"articleSection\":[\"NEWS\"],\"inLanguage\":\"fr-FR\",\"potentialAction\":[{\"@type\":\"CommentAction\",\"name\":\"Comment\",\"target\":[\"https:\/\/www.ceramiche-piemme.com\/fr\/la-reduction-de-lepaisseur-une-revolution-dans-le-design-durable\/#respond\"]}]},{\"@type\":\"WebPage\",\"@id\":\"https:\/\/www.ceramiche-piemme.com\/fr\/la-reduction-de-lepaisseur-une-revolution-dans-le-design-durable\/\",\"url\":\"https:\/\/www.ceramiche-piemme.com\/fr\/la-reduction-de-lepaisseur-une-revolution-dans-le-design-durable\/\",\"name\":\"LA R\u00c9DUCTION DE L\u2019\u00c9PAISSEUR: UNE R\u00c9VOLUTION DANS LE DESIGN DURABLE - Ceramiche Piemme\",\"isPartOf\":{\"@id\":\"https:\/\/www.ceramiche-piemme.com\/fr\/#website\"},\"primaryImageOfPage\":{\"@id\":\"https:\/\/www.ceramiche-piemme.com\/fr\/la-reduction-de-lepaisseur-une-revolution-dans-le-design-durable\/#primaryimage\"},\"image\":{\"@id\":\"https:\/\/www.ceramiche-piemme.com\/fr\/la-reduction-de-lepaisseur-une-revolution-dans-le-design-durable\/#primaryimage\"},\"thumbnailUrl\":\"https:\/\/www.ceramiche-piemme.com\/wp-content\/uploads\/foto-per-sito_blog.jpg\",\"datePublished\":\"2024-12-06T10:29:23+00:00\",\"dateModified\":\"2024-12-06T10:37:39+00:00\",\"description\":\"Cette philosophie de conception innovante, qui privil\u00e9gie la l\u00e9g\u00e8ret\u00e9 et la polyvalence, facilite l\u2019installation des produits, les rendant adapt\u00e9s \u00e0 une large gamme de projets.\",\"breadcrumb\":{\"@id\":\"https:\/\/www.ceramiche-piemme.com\/fr\/la-reduction-de-lepaisseur-une-revolution-dans-le-design-durable\/#breadcrumb\"},\"inLanguage\":\"fr-FR\",\"potentialAction\":[{\"@type\":\"ReadAction\",\"target\":[\"https:\/\/www.ceramiche-piemme.com\/fr\/la-reduction-de-lepaisseur-une-revolution-dans-le-design-durable\/\"]}]},{\"@type\":\"ImageObject\",\"inLanguage\":\"fr-FR\",\"@id\":\"https:\/\/www.ceramiche-piemme.com\/fr\/la-reduction-de-lepaisseur-une-revolution-dans-le-design-durable\/#primaryimage\",\"url\":\"https:\/\/www.ceramiche-piemme.com\/wp-content\/uploads\/foto-per-sito_blog.jpg\",\"contentUrl\":\"https:\/\/www.ceramiche-piemme.com\/wp-content\/uploads\/foto-per-sito_blog.jpg\",\"width\":800,\"height\":533},{\"@type\":\"BreadcrumbList\",\"@id\":\"https:\/\/www.ceramiche-piemme.com\/fr\/la-reduction-de-lepaisseur-une-revolution-dans-le-design-durable\/#breadcrumb\",\"itemListElement\":[{\"@type\":\"ListItem\",\"position\":1,\"name\":\"Ceramiche Piemme\",\"item\":\"https:\/\/www.ceramiche-piemme.com\/fr\/\"},{\"@type\":\"ListItem\",\"position\":2,\"name\":\"LA R\u00c9DUCTION DE L\u2019\u00c9PAISSEUR: UNE R\u00c9VOLUTION DANS LE DESIGN DURABLE\"}]},{\"@type\":\"WebSite\",\"@id\":\"https:\/\/www.ceramiche-piemme.com\/fr\/#website\",\"url\":\"https:\/\/www.ceramiche-piemme.com\/fr\/\",\"name\":\"Ceramiche Piemme\",\"description\":\"Ceramiche Piemme: Gres Porcellanato Made in Italy dal 1962\",\"publisher\":{\"@id\":\"https:\/\/www.ceramiche-piemme.com\/fr\/#organization\"},\"potentialAction\":[{\"@type\":\"SearchAction\",\"target\":{\"@type\":\"EntryPoint\",\"urlTemplate\":\"https:\/\/www.ceramiche-piemme.com\/fr\/?s={search_term_string}\"},\"query-input\":{\"@type\":\"PropertyValueSpecification\",\"valueRequired\":true,\"valueName\":\"search_term_string\"}}],\"inLanguage\":\"fr-FR\"},{\"@type\":\"Organization\",\"@id\":\"https:\/\/www.ceramiche-piemme.com\/fr\/#organization\",\"name\":\"Ceramiche Piemme\",\"url\":\"https:\/\/www.ceramiche-piemme.com\/fr\/\",\"logo\":{\"@type\":\"ImageObject\",\"inLanguage\":\"fr-FR\",\"@id\":\"https:\/\/www.ceramiche-piemme.com\/fr\/#\/schema\/logo\/image\/\",\"url\":\"http:\/\/www.ceramiche-piemme.com\/wp-content\/uploads\/2023\/06\/logo.jpg\",\"contentUrl\":\"http:\/\/www.ceramiche-piemme.com\/wp-content\/uploads\/2023\/06\/logo.jpg\",\"width\":522,\"height\":87,\"caption\":\"Ceramiche Piemme\"},\"image\":{\"@id\":\"https:\/\/www.ceramiche-piemme.com\/fr\/#\/schema\/logo\/image\/\"},\"sameAs\":[\"https:\/\/www.facebook.com\/CeramichePiemme\/\",\"https:\/\/x.com\/CeramichePiemme\",\"https:\/\/it.pinterest.com\/ceramichepiemme\/\",\"https:\/\/www.youtube.com\/user\/CERAMICHEPIEMME\",\"https:\/\/www.instagram.com\/ceramichepiemme\/\",\"https:\/\/www.linkedin.com\/company\/9676212\/\",\"https:\/\/vimeo.com\/ceramichepiemme\"]},{\"@type\":\"Person\",\"@id\":\"https:\/\/www.ceramiche-piemme.com\/fr\/#\/schema\/person\/625c48f9c95caf1f865e60c9f0f3190a\",\"name\":\"Federica\",\"image\":{\"@type\":\"ImageObject\",\"inLanguage\":\"fr-FR\",\"@id\":\"https:\/\/www.ceramiche-piemme.com\/fr\/#\/schema\/person\/image\/\",\"url\":\"https:\/\/secure.gravatar.com\/avatar\/59abd2ff5c94c475c1197398279e5c23ad55208e5d270785cc9e743833e036d1?s=96&d=mm&r=g\",\"contentUrl\":\"https:\/\/secure.gravatar.com\/avatar\/59abd2ff5c94c475c1197398279e5c23ad55208e5d270785cc9e743833e036d1?s=96&d=mm&r=g\",\"caption\":\"Federica\"}}]}<\/script>\n<!-- \/ Yoast SEO plugin. -->","yoast_head_json":{"title":"LA R\u00c9DUCTION DE L\u2019\u00c9PAISSEUR: UNE R\u00c9VOLUTION DANS LE DESIGN DURABLE - Ceramiche Piemme","description":"Cette philosophie de conception innovante, qui privil\u00e9gie la l\u00e9g\u00e8ret\u00e9 et la polyvalence, facilite l\u2019installation des produits, les rendant adapt\u00e9s \u00e0 une large gamme de projets.","robots":{"index":"index","follow":"follow","max-snippet":"max-snippet:-1","max-image-preview":"max-image-preview:large","max-video-preview":"max-video-preview:-1"},"canonical":"https:\/\/www.ceramiche-piemme.com\/fr\/la-reduction-de-lepaisseur-une-revolution-dans-le-design-durable\/","og_locale":"fr_FR","og_type":"article","og_title":"LA R\u00c9DUCTION DE L\u2019\u00c9PAISSEUR: UNE R\u00c9VOLUTION DANS LE DESIGN DURABLE - Ceramiche Piemme","og_description":"Cette philosophie de conception innovante, qui privil\u00e9gie la l\u00e9g\u00e8ret\u00e9 et la polyvalence, facilite l\u2019installation des produits, les rendant adapt\u00e9s \u00e0 une large gamme de projets.","og_url":"https:\/\/www.ceramiche-piemme.com\/fr\/la-reduction-de-lepaisseur-une-revolution-dans-le-design-durable\/","og_site_name":"Ceramiche Piemme","article_publisher":"https:\/\/www.facebook.com\/CeramichePiemme\/","article_published_time":"2024-12-06T10:29:23+00:00","article_modified_time":"2024-12-06T10:37:39+00:00","og_image":[{"width":800,"height":533,"url":"https:\/\/www.ceramiche-piemme.com\/wp-content\/uploads\/foto-per-sito_blog.jpg","type":"image\/jpeg"}],"author":"Federica","twitter_card":"summary_large_image","twitter_creator":"@CeramichePiemme","twitter_site":"@CeramichePiemme","twitter_misc":{"\u00c9crit par":"Federica","Dur\u00e9e de lecture estim\u00e9e":"2 minutes"},"schema":{"@context":"https:\/\/schema.org","@graph":[{"@type":"Article","@id":"https:\/\/www.ceramiche-piemme.com\/fr\/la-reduction-de-lepaisseur-une-revolution-dans-le-design-durable\/#article","isPartOf":{"@id":"https:\/\/www.ceramiche-piemme.com\/fr\/la-reduction-de-lepaisseur-une-revolution-dans-le-design-durable\/"},"author":{"name":"Federica","@id":"https:\/\/www.ceramiche-piemme.com\/fr\/#\/schema\/person\/625c48f9c95caf1f865e60c9f0f3190a"},"headline":"LA R\u00c9DUCTION DE L\u2019\u00c9PAISSEUR: UNE R\u00c9VOLUTION DANS LE DESIGN DURABLE","datePublished":"2024-12-06T10:29:23+00:00","dateModified":"2024-12-06T10:37:39+00:00","mainEntityOfPage":{"@id":"https:\/\/www.ceramiche-piemme.com\/fr\/la-reduction-de-lepaisseur-une-revolution-dans-le-design-durable\/"},"wordCount":356,"commentCount":0,"publisher":{"@id":"https:\/\/www.ceramiche-piemme.com\/fr\/#organization"},"image":{"@id":"https:\/\/www.ceramiche-piemme.com\/fr\/la-reduction-de-lepaisseur-une-revolution-dans-le-design-durable\/#primaryimage"},"thumbnailUrl":"https:\/\/www.ceramiche-piemme.com\/wp-content\/uploads\/foto-per-sito_blog.jpg","articleSection":["NEWS"],"inLanguage":"fr-FR","potentialAction":[{"@type":"CommentAction","name":"Comment","target":["https:\/\/www.ceramiche-piemme.com\/fr\/la-reduction-de-lepaisseur-une-revolution-dans-le-design-durable\/#respond"]}]},{"@type":"WebPage","@id":"https:\/\/www.ceramiche-piemme.com\/fr\/la-reduction-de-lepaisseur-une-revolution-dans-le-design-durable\/","url":"https:\/\/www.ceramiche-piemme.com\/fr\/la-reduction-de-lepaisseur-une-revolution-dans-le-design-durable\/","name":"LA R\u00c9DUCTION DE L\u2019\u00c9PAISSEUR: UNE R\u00c9VOLUTION DANS LE DESIGN DURABLE - Ceramiche Piemme","isPartOf":{"@id":"https:\/\/www.ceramiche-piemme.com\/fr\/#website"},"primaryImageOfPage":{"@id":"https:\/\/www.ceramiche-piemme.com\/fr\/la-reduction-de-lepaisseur-une-revolution-dans-le-design-durable\/#primaryimage"},"image":{"@id":"https:\/\/www.ceramiche-piemme.com\/fr\/la-reduction-de-lepaisseur-une-revolution-dans-le-design-durable\/#primaryimage"},"thumbnailUrl":"https:\/\/www.ceramiche-piemme.com\/wp-content\/uploads\/foto-per-sito_blog.jpg","datePublished":"2024-12-06T10:29:23+00:00","dateModified":"2024-12-06T10:37:39+00:00","description":"Cette philosophie de conception innovante, qui privil\u00e9gie la l\u00e9g\u00e8ret\u00e9 et la polyvalence, facilite l\u2019installation des produits, les rendant adapt\u00e9s \u00e0 une large gamme de projets.","breadcrumb":{"@id":"https:\/\/www.ceramiche-piemme.com\/fr\/la-reduction-de-lepaisseur-une-revolution-dans-le-design-durable\/#breadcrumb"},"inLanguage":"fr-FR","potentialAction":[{"@type":"ReadAction","target":["https:\/\/www.ceramiche-piemme.com\/fr\/la-reduction-de-lepaisseur-une-revolution-dans-le-design-durable\/"]}]},{"@type":"ImageObject","inLanguage":"fr-FR","@id":"https:\/\/www.ceramiche-piemme.com\/fr\/la-reduction-de-lepaisseur-une-revolution-dans-le-design-durable\/#primaryimage","url":"https:\/\/www.ceramiche-piemme.com\/wp-content\/uploads\/foto-per-sito_blog.jpg","contentUrl":"https:\/\/www.ceramiche-piemme.com\/wp-content\/uploads\/foto-per-sito_blog.jpg","width":800,"height":533},{"@type":"BreadcrumbList","@id":"https:\/\/www.ceramiche-piemme.com\/fr\/la-reduction-de-lepaisseur-une-revolution-dans-le-design-durable\/#breadcrumb","itemListElement":[{"@type":"ListItem","position":1,"name":"Ceramiche Piemme","item":"https:\/\/www.ceramiche-piemme.com\/fr\/"},{"@type":"ListItem","position":2,"name":"LA R\u00c9DUCTION DE L\u2019\u00c9PAISSEUR: UNE R\u00c9VOLUTION DANS LE DESIGN DURABLE"}]},{"@type":"WebSite","@id":"https:\/\/www.ceramiche-piemme.com\/fr\/#website","url":"https:\/\/www.ceramiche-piemme.com\/fr\/","name":"Ceramiche Piemme","description":"Ceramiche Piemme: Gres Porcellanato Made in Italy dal 1962","publisher":{"@id":"https:\/\/www.ceramiche-piemme.com\/fr\/#organization"},"potentialAction":[{"@type":"SearchAction","target":{"@type":"EntryPoint","urlTemplate":"https:\/\/www.ceramiche-piemme.com\/fr\/?s={search_term_string}"},"query-input":{"@type":"PropertyValueSpecification","valueRequired":true,"valueName":"search_term_string"}}],"inLanguage":"fr-FR"},{"@type":"Organization","@id":"https:\/\/www.ceramiche-piemme.com\/fr\/#organization","name":"Ceramiche Piemme","url":"https:\/\/www.ceramiche-piemme.com\/fr\/","logo":{"@type":"ImageObject","inLanguage":"fr-FR","@id":"https:\/\/www.ceramiche-piemme.com\/fr\/#\/schema\/logo\/image\/","url":"http:\/\/www.ceramiche-piemme.com\/wp-content\/uploads\/2023\/06\/logo.jpg","contentUrl":"http:\/\/www.ceramiche-piemme.com\/wp-content\/uploads\/2023\/06\/logo.jpg","width":522,"height":87,"caption":"Ceramiche Piemme"},"image":{"@id":"https:\/\/www.ceramiche-piemme.com\/fr\/#\/schema\/logo\/image\/"},"sameAs":["https:\/\/www.facebook.com\/CeramichePiemme\/","https:\/\/x.com\/CeramichePiemme","https:\/\/it.pinterest.com\/ceramichepiemme\/","https:\/\/www.youtube.com\/user\/CERAMICHEPIEMME","https:\/\/www.instagram.com\/ceramichepiemme\/","https:\/\/www.linkedin.com\/company\/9676212\/","https:\/\/vimeo.com\/ceramichepiemme"]},{"@type":"Person","@id":"https:\/\/www.ceramiche-piemme.com\/fr\/#\/schema\/person\/625c48f9c95caf1f865e60c9f0f3190a","name":"Federica","image":{"@type":"ImageObject","inLanguage":"fr-FR","@id":"https:\/\/www.ceramiche-piemme.com\/fr\/#\/schema\/person\/image\/","url":"https:\/\/secure.gravatar.com\/avatar\/59abd2ff5c94c475c1197398279e5c23ad55208e5d270785cc9e743833e036d1?s=96&d=mm&r=g","contentUrl":"https:\/\/secure.gravatar.com\/avatar\/59abd2ff5c94c475c1197398279e5c23ad55208e5d270785cc9e743833e036d1?s=96&d=mm&r=g","caption":"Federica"}}]}},"_links":{"self":[{"href":"https:\/\/www.ceramiche-piemme.com\/fr\/wp-json\/wp\/v2\/posts\/11141","targetHints":{"allow":["GET"]}}],"collection":[{"href":"https:\/\/www.ceramiche-piemme.com\/fr\/wp-json\/wp\/v2\/posts"}],"about":[{"href":"https:\/\/www.ceramiche-piemme.com\/fr\/wp-json\/wp\/v2\/types\/post"}],"author":[{"embeddable":true,"href":"https:\/\/www.ceramiche-piemme.com\/fr\/wp-json\/wp\/v2\/users\/3"}],"replies":[{"embeddable":true,"href":"https:\/\/www.ceramiche-piemme.com\/fr\/wp-json\/wp\/v2\/comments?post=11141"}],"version-history":[{"count":11,"href":"https:\/\/www.ceramiche-piemme.com\/fr\/wp-json\/wp\/v2\/posts\/11141\/revisions"}],"predecessor-version":[{"id":11181,"href":"https:\/\/www.ceramiche-piemme.com\/fr\/wp-json\/wp\/v2\/posts\/11141\/revisions\/11181"}],"wp:featuredmedia":[{"embeddable":true,"href":"https:\/\/www.ceramiche-piemme.com\/fr\/wp-json\/wp\/v2\/media\/11152"}],"wp:attachment":[{"href":"https:\/\/www.ceramiche-piemme.com\/fr\/wp-json\/wp\/v2\/media?parent=11141"}],"wp:term":[{"taxonomy":"category","embeddable":true,"href":"https:\/\/www.ceramiche-piemme.com\/fr\/wp-json\/wp\/v2\/categories?post=11141"},{"taxonomy":"post_tag","embeddable":true,"href":"https:\/\/www.ceramiche-piemme.com\/fr\/wp-json\/wp\/v2\/tags?post=11141"}],"curies":[{"name":"wp","href":"https:\/\/api.w.org\/{rel}","templated":true}]}}