{"id":13091,"date":"2025-10-16T10:08:41","date_gmt":"2025-10-16T10:08:41","guid":{"rendered":"https:\/\/www.ceramiche-piemme.com\/?p=13091"},"modified":"2025-10-30T09:45:39","modified_gmt":"2025-10-30T09:45:39","slug":"adi-recompense-homey-paper-clay","status":"publish","type":"post","link":"https:\/\/www.ceramiche-piemme.com\/fr\/adi-recompense-homey-paper-clay\/","title":{"rendered":"ADI R\u00c9COMPENSE HOMEY PAPER CLAY"},"content":{"rendered":"\t\t<div data-elementor-type=\"wp-post\" data-elementor-id=\"13091\" class=\"elementor elementor-13091 elementor-13088\" data-elementor-post-type=\"post\">\n\t\t\t\t\t\t<section class=\"elementor-section elementor-top-section elementor-element elementor-element-baa47e2 elementor-section-boxed elementor-section-height-default elementor-section-height-default\" data-id=\"baa47e2\" data-element_type=\"section\">\n\t\t\t\t\t\t<div class=\"elementor-container elementor-column-gap-default\">\n\t\t\t\t\t<div class=\"elementor-column elementor-col-100 elementor-top-column elementor-element elementor-element-2b228f2\" data-id=\"2b228f2\" data-element_type=\"column\">\n\t\t\t<div class=\"elementor-widget-wrap elementor-element-populated\">\n\t\t\t\t\t\t<div class=\"elementor-element elementor-element-dd1bd67 elementor-widget elementor-widget-text-editor\" data-id=\"dd1bd67\" data-element_type=\"widget\" data-widget_type=\"text-editor.default\">\n\t\t\t\t<div class=\"elementor-widget-container\">\n\t\t\t\t\t\t\t\t\t<h3>ADI R\u00c9COMPENSE HOMEY PAPER CLAY<\/h3><div>\u00a0<\/div><p><strong>Ceramiche Piemme a \u00e9t\u00e9 s\u00e9lectionn\u00e9e pour l\u2019ADI Design Index 2025 avec la collection <em>Homey Paper Clay<\/em> de Paola Paronetto.<\/strong><\/p><p><strong>Ceramiche Piemme<\/strong> est fi\u00e8re d\u2019annoncer que la collection <strong><em>Homey Paper Clay<\/em>,<\/strong> cr\u00e9\u00e9e par l\u2019artiste et designer internationale <strong>Paola Paronetto,<\/strong> a \u00e9t\u00e9 retenue pour figurer dans l\u2019<strong>ADI Design Index 2025<\/strong>. Cette prestigieuse distinction, d\u00e9cern\u00e9e par l\u2019<em>Osservatorio permanente del Design ADI<\/em> (l\u2019Observatoire permanent du design de l\u2019ADI), constitue une reconnaissance importante de la qualit\u00e9, de l\u2019innovation et de la valeur esth\u00e9tique du design italien.<\/p><p>L\u2019<strong>ADI Design Index<\/strong> repr\u00e9sente depuis toujours une r\u00e9f\u00e9rence essentielle pour identifier et promouvoir les meilleurs produits, services et projets de recherche du <em>Made in Italy<\/em>.<br \/>La s\u00e9lection de <em>Homey Paper Clay<\/em> confirme la capacit\u00e9 de Ceramiche Piemme \u00e0 conjuguer excellence industrielle et langage artistique, gr\u00e2ce \u00e0 la collaboration avec Paola Paronetto, dont la sensibilit\u00e9 po\u00e9tique et le soin du d\u00e9tail ont donn\u00e9 naissance \u00e0 une collection v\u00e9ritablement unique.<\/p><p><em>Homey Paper Clay<\/em> se distingue par ses surfaces textur\u00e9es et ses teintes naturelles, capables de transmettre une sensation de calme et de l\u00e9g\u00e8ret\u00e9. La collection \u00e9tablit un lien entre la c\u00e9ramique artistique traditionnelle et la production industrielle de haute qualit\u00e9 \u2013 un projet qui valorise le savoir-faire italien en mettant au centre la cr\u00e9ativit\u00e9 et l\u2019artisanat.<\/p><p><strong>Simone Bartolini<\/strong>, directeur g\u00e9n\u00e9ral de Ceramiche Piemme, commente :<br \/>\u00ab \u00catre s\u00e9lectionn\u00e9s par l\u2019ADI est une reconnaissance importante qui nous encourage \u00e0 poursuivre notre chemin vers l\u2019innovation et la qualit\u00e9. <em>Homey Paper Clay<\/em> est le fruit d\u2019une collaboration exceptionnelle avec Paola Paronetto, qui a su transmettre sa vision artistique dans un produit \u00e0 forte valeur \u00e9motionnelle et fonctionnelle. \u00bb<\/p><p>La collection sera \u00e9galement pr\u00e9sent\u00e9e dans le cadre d\u2019un parcours d\u2019expositions promu par l\u2019ADI, avec des \u00e9tapes \u00e0 <strong>Milan<\/strong>, au <em>ADI Design Museum<\/em>, et \u00e0 <strong>Agrigente<\/strong>, <em>Capitale Italienne de la Culture 2025<\/em> \u2013 une occasion prestigieuse de pr\u00e9senter le projet dans des contextes culturels et institutionnels de haut niveau.<\/p>\t\t\t\t\t\t\t\t<\/div>\n\t\t\t\t<\/div>\n\t\t\t\t<div class=\"elementor-element elementor-element-6c215f6 elementor-share-buttons--view-icon elementor-share-buttons--shape-circle elementor-share-buttons--color-custom elementor-share-buttons--skin-gradient elementor-grid-0 elementor-widget elementor-widget-mdp-sharinger-elementor\" data-id=\"6c215f6\" data-element_type=\"widget\" data-widget_type=\"mdp-sharinger-elementor.default\">\n\t\t\t\t<div class=\"elementor-widget-container\">\n\t\t\t\t\t        <div class=\"elementor-grid mdp-sharinger\">\n                            <div class=\"elementor-grid-item\">\n                    <div class=\"elementor-share-btn elementor-share-btn_facebook elementor-animation-\" tabindex=\"0\" aria-label=\"Share on facebook\">\n                                                    <span class=\"elementor-share-btn__icon\">\n\t\t\t\t\t\t\t\t<i class=\"fab fa-facebook\" aria-hidden=\"true\"><\/i>\t\t\t\t\t\t\t<\/span>\n                                                                    <\/div>\n                <\/div>\n                                <div class=\"elementor-grid-item\">\n                    <div class=\"elementor-share-btn elementor-share-btn_twitter elementor-animation-\" tabindex=\"0\" aria-label=\"Share on twitter\">\n                                                    <span class=\"elementor-share-btn__icon\">\n\t\t\t\t\t\t\t\t<i class=\"fab fa-twitter\" aria-hidden=\"true\"><\/i>\t\t\t\t\t\t\t<\/span>\n                                                                    <\/div>\n                <\/div>\n                                <div class=\"elementor-grid-item\">\n                    <div class=\"elementor-share-btn elementor-share-btn_pinterest elementor-animation-\" tabindex=\"0\" aria-label=\"Share on pinterest\">\n                                                    <span class=\"elementor-share-btn__icon\">\n\t\t\t\t\t\t\t\t<i class=\"fab fa-pinterest\" aria-hidden=\"true\"><\/i>\t\t\t\t\t\t\t<\/span>\n                                                                    <\/div>\n                <\/div>\n                                <div class=\"elementor-grid-item\">\n                    <div class=\"elementor-share-btn elementor-share-btn_linkedin elementor-animation-\" tabindex=\"0\" aria-label=\"Share on linkedin\">\n                                                    <span class=\"elementor-share-btn__icon\">\n\t\t\t\t\t\t\t\t<i class=\"fab fa-linkedin\" aria-hidden=\"true\"><\/i>\t\t\t\t\t\t\t<\/span>\n                                                                    <\/div>\n                <\/div>\n                        <\/div>\n        \t\t\t\t<\/div>\n\t\t\t\t<\/div>\n\t\t\t\t<div class=\"elementor-element elementor-element-26968b3 elementor-widget elementor-widget-spacer\" data-id=\"26968b3\" data-element_type=\"widget\" data-widget_type=\"spacer.default\">\n\t\t\t\t<div class=\"elementor-widget-container\">\n\t\t\t\t\t\t\t<div class=\"elementor-spacer\">\n\t\t\t<div class=\"elementor-spacer-inner\"><\/div>\n\t\t<\/div>\n\t\t\t\t\t\t<\/div>\n\t\t\t\t<\/div>\n\t\t\t\t\t<\/div>\n\t\t<\/div>\n\t\t\t\t\t<\/div>\n\t\t<\/section>\n\t\t\t\t<\/div>\n\t\t","protected":false},"excerpt":{"rendered":"<p>ADI R\u00c9COMPENSE HOMEY PAPER CLAY \u00a0 Ceramiche Piemme a \u00e9t\u00e9 s\u00e9lectionn\u00e9e pour l\u2019ADI Design Index 2025 avec la collection Homey Paper Clay de Paola Paronetto. Ceramiche<span class=\"excerpt-hellip\"> [\u2026]<\/span><\/p>\n","protected":false},"author":3,"featured_media":13117,"comment_status":"open","ping_status":"open","sticky":false,"template":"","format":"standard","meta":{"_monsterinsights_skip_tracking":false,"_monsterinsights_sitenote_active":false,"_monsterinsights_sitenote_note":"","_monsterinsights_sitenote_category":0,"_uf_show_specific_survey":0,"_uf_disable_surveys":false,"footnotes":""},"categories":[285,235],"tags":[],"class_list":["post-13091","post","type-post","status-publish","format-standard","has-post-thumbnail","hentry","category-news-en","category-uncategorized"],"aioseo_notices":[],"yoast_head":"<!-- This site is optimized with the Yoast SEO plugin v25.3 - https:\/\/yoast.com\/wordpress\/plugins\/seo\/ -->\n<title>ADI R\u00c9COMPENSE HOMEY PAPER CLAY - Ceramiche Piemme<\/title>\n<meta name=\"description\" content=\"Ceramiche Piemme a \u00e9t\u00e9 s\u00e9lectionn\u00e9e pour l\u2019ADI Design Index 2025 avec la collection Homey Paper Clay de Paola Paronetto.\" \/>\n<meta name=\"robots\" content=\"index, follow, max-snippet:-1, max-image-preview:large, max-video-preview:-1\" \/>\n<link rel=\"canonical\" href=\"https:\/\/www.ceramiche-piemme.com\/fr\/adi-recompense-homey-paper-clay\/\" \/>\n<meta property=\"og:locale\" content=\"fr_FR\" \/>\n<meta property=\"og:type\" content=\"article\" \/>\n<meta property=\"og:title\" content=\"ADI R\u00c9COMPENSE HOMEY PAPER CLAY - Ceramiche Piemme\" \/>\n<meta property=\"og:description\" content=\"Ceramiche Piemme a \u00e9t\u00e9 s\u00e9lectionn\u00e9e pour l\u2019ADI Design Index 2025 avec la collection Homey Paper Clay de Paola Paronetto.\" \/>\n<meta property=\"og:url\" content=\"https:\/\/www.ceramiche-piemme.com\/fr\/adi-recompense-homey-paper-clay\/\" \/>\n<meta property=\"og:site_name\" content=\"Ceramiche Piemme\" \/>\n<meta property=\"article:publisher\" content=\"https:\/\/www.facebook.com\/CeramichePiemme\/\" \/>\n<meta property=\"article:published_time\" content=\"2025-10-16T10:08:41+00:00\" \/>\n<meta property=\"article:modified_time\" content=\"2025-10-30T09:45:39+00:00\" \/>\n<meta property=\"og:image\" content=\"https:\/\/www.ceramiche-piemme.com\/wp-content\/uploads\/Adi_2025-1.jpg\" \/>\n\t<meta property=\"og:image:width\" content=\"800\" \/>\n\t<meta property=\"og:image:height\" content=\"533\" \/>\n\t<meta property=\"og:image:type\" content=\"image\/jpeg\" \/>\n<meta name=\"author\" content=\"Federica\" \/>\n<meta name=\"twitter:card\" content=\"summary_large_image\" \/>\n<meta name=\"twitter:creator\" content=\"@CeramichePiemme\" \/>\n<meta name=\"twitter:site\" content=\"@CeramichePiemme\" \/>\n<meta name=\"twitter:label1\" content=\"\u00c9crit par\" \/>\n\t<meta name=\"twitter:data1\" content=\"Federica\" \/>\n\t<meta name=\"twitter:label2\" content=\"Dur\u00e9e de lecture estim\u00e9e\" \/>\n\t<meta name=\"twitter:data2\" content=\"2 minutes\" \/>\n<script type=\"application\/ld+json\" class=\"yoast-schema-graph\">{\"@context\":\"https:\/\/schema.org\",\"@graph\":[{\"@type\":\"Article\",\"@id\":\"https:\/\/www.ceramiche-piemme.com\/fr\/adi-recompense-homey-paper-clay\/#article\",\"isPartOf\":{\"@id\":\"https:\/\/www.ceramiche-piemme.com\/fr\/adi-recompense-homey-paper-clay\/\"},\"author\":{\"name\":\"Federica\",\"@id\":\"https:\/\/www.ceramiche-piemme.com\/fr\/#\/schema\/person\/625c48f9c95caf1f865e60c9f0f3190a\"},\"headline\":\"ADI R\u00c9COMPENSE HOMEY PAPER CLAY\",\"datePublished\":\"2025-10-16T10:08:41+00:00\",\"dateModified\":\"2025-10-30T09:45:39+00:00\",\"mainEntityOfPage\":{\"@id\":\"https:\/\/www.ceramiche-piemme.com\/fr\/adi-recompense-homey-paper-clay\/\"},\"wordCount\":353,\"commentCount\":0,\"publisher\":{\"@id\":\"https:\/\/www.ceramiche-piemme.com\/fr\/#organization\"},\"image\":{\"@id\":\"https:\/\/www.ceramiche-piemme.com\/fr\/adi-recompense-homey-paper-clay\/#primaryimage\"},\"thumbnailUrl\":\"https:\/\/www.ceramiche-piemme.com\/wp-content\/uploads\/Adi_2025-1.jpg\",\"articleSection\":[\"NEWS\",\"Uncategorized\"],\"inLanguage\":\"fr-FR\",\"potentialAction\":[{\"@type\":\"CommentAction\",\"name\":\"Comment\",\"target\":[\"https:\/\/www.ceramiche-piemme.com\/fr\/adi-recompense-homey-paper-clay\/#respond\"]}]},{\"@type\":\"WebPage\",\"@id\":\"https:\/\/www.ceramiche-piemme.com\/fr\/adi-recompense-homey-paper-clay\/\",\"url\":\"https:\/\/www.ceramiche-piemme.com\/fr\/adi-recompense-homey-paper-clay\/\",\"name\":\"ADI R\u00c9COMPENSE HOMEY PAPER CLAY - Ceramiche Piemme\",\"isPartOf\":{\"@id\":\"https:\/\/www.ceramiche-piemme.com\/fr\/#website\"},\"primaryImageOfPage\":{\"@id\":\"https:\/\/www.ceramiche-piemme.com\/fr\/adi-recompense-homey-paper-clay\/#primaryimage\"},\"image\":{\"@id\":\"https:\/\/www.ceramiche-piemme.com\/fr\/adi-recompense-homey-paper-clay\/#primaryimage\"},\"thumbnailUrl\":\"https:\/\/www.ceramiche-piemme.com\/wp-content\/uploads\/Adi_2025-1.jpg\",\"datePublished\":\"2025-10-16T10:08:41+00:00\",\"dateModified\":\"2025-10-30T09:45:39+00:00\",\"description\":\"Ceramiche Piemme a \u00e9t\u00e9 s\u00e9lectionn\u00e9e pour l\u2019ADI Design Index 2025 avec la collection Homey Paper Clay de Paola Paronetto.\",\"breadcrumb\":{\"@id\":\"https:\/\/www.ceramiche-piemme.com\/fr\/adi-recompense-homey-paper-clay\/#breadcrumb\"},\"inLanguage\":\"fr-FR\",\"potentialAction\":[{\"@type\":\"ReadAction\",\"target\":[\"https:\/\/www.ceramiche-piemme.com\/fr\/adi-recompense-homey-paper-clay\/\"]}]},{\"@type\":\"ImageObject\",\"inLanguage\":\"fr-FR\",\"@id\":\"https:\/\/www.ceramiche-piemme.com\/fr\/adi-recompense-homey-paper-clay\/#primaryimage\",\"url\":\"https:\/\/www.ceramiche-piemme.com\/wp-content\/uploads\/Adi_2025-1.jpg\",\"contentUrl\":\"https:\/\/www.ceramiche-piemme.com\/wp-content\/uploads\/Adi_2025-1.jpg\",\"width\":800,\"height\":533},{\"@type\":\"BreadcrumbList\",\"@id\":\"https:\/\/www.ceramiche-piemme.com\/fr\/adi-recompense-homey-paper-clay\/#breadcrumb\",\"itemListElement\":[{\"@type\":\"ListItem\",\"position\":1,\"name\":\"Ceramiche Piemme\",\"item\":\"https:\/\/www.ceramiche-piemme.com\/fr\/\"},{\"@type\":\"ListItem\",\"position\":2,\"name\":\"ADI R\u00c9COMPENSE HOMEY PAPER CLAY\"}]},{\"@type\":\"WebSite\",\"@id\":\"https:\/\/www.ceramiche-piemme.com\/fr\/#website\",\"url\":\"https:\/\/www.ceramiche-piemme.com\/fr\/\",\"name\":\"Ceramiche Piemme\",\"description\":\"Ceramiche Piemme: Gres Porcellanato Made in Italy dal 1962\",\"publisher\":{\"@id\":\"https:\/\/www.ceramiche-piemme.com\/fr\/#organization\"},\"potentialAction\":[{\"@type\":\"SearchAction\",\"target\":{\"@type\":\"EntryPoint\",\"urlTemplate\":\"https:\/\/www.ceramiche-piemme.com\/fr\/?s={search_term_string}\"},\"query-input\":{\"@type\":\"PropertyValueSpecification\",\"valueRequired\":true,\"valueName\":\"search_term_string\"}}],\"inLanguage\":\"fr-FR\"},{\"@type\":\"Organization\",\"@id\":\"https:\/\/www.ceramiche-piemme.com\/fr\/#organization\",\"name\":\"Ceramiche Piemme\",\"url\":\"https:\/\/www.ceramiche-piemme.com\/fr\/\",\"logo\":{\"@type\":\"ImageObject\",\"inLanguage\":\"fr-FR\",\"@id\":\"https:\/\/www.ceramiche-piemme.com\/fr\/#\/schema\/logo\/image\/\",\"url\":\"http:\/\/www.ceramiche-piemme.com\/wp-content\/uploads\/2023\/06\/logo.jpg\",\"contentUrl\":\"http:\/\/www.ceramiche-piemme.com\/wp-content\/uploads\/2023\/06\/logo.jpg\",\"width\":522,\"height\":87,\"caption\":\"Ceramiche Piemme\"},\"image\":{\"@id\":\"https:\/\/www.ceramiche-piemme.com\/fr\/#\/schema\/logo\/image\/\"},\"sameAs\":[\"https:\/\/www.facebook.com\/CeramichePiemme\/\",\"https:\/\/x.com\/CeramichePiemme\",\"https:\/\/it.pinterest.com\/ceramichepiemme\/\",\"https:\/\/www.youtube.com\/user\/CERAMICHEPIEMME\",\"https:\/\/www.instagram.com\/ceramichepiemme\/\",\"https:\/\/www.linkedin.com\/company\/9676212\/\",\"https:\/\/vimeo.com\/ceramichepiemme\"]},{\"@type\":\"Person\",\"@id\":\"https:\/\/www.ceramiche-piemme.com\/fr\/#\/schema\/person\/625c48f9c95caf1f865e60c9f0f3190a\",\"name\":\"Federica\",\"image\":{\"@type\":\"ImageObject\",\"inLanguage\":\"fr-FR\",\"@id\":\"https:\/\/www.ceramiche-piemme.com\/fr\/#\/schema\/person\/image\/\",\"url\":\"https:\/\/secure.gravatar.com\/avatar\/59abd2ff5c94c475c1197398279e5c23ad55208e5d270785cc9e743833e036d1?s=96&d=mm&r=g\",\"contentUrl\":\"https:\/\/secure.gravatar.com\/avatar\/59abd2ff5c94c475c1197398279e5c23ad55208e5d270785cc9e743833e036d1?s=96&d=mm&r=g\",\"caption\":\"Federica\"}}]}<\/script>\n<!-- \/ Yoast SEO plugin. -->","yoast_head_json":{"title":"ADI R\u00c9COMPENSE HOMEY PAPER CLAY - Ceramiche Piemme","description":"Ceramiche Piemme a \u00e9t\u00e9 s\u00e9lectionn\u00e9e pour l\u2019ADI Design Index 2025 avec la collection Homey Paper Clay de Paola Paronetto.","robots":{"index":"index","follow":"follow","max-snippet":"max-snippet:-1","max-image-preview":"max-image-preview:large","max-video-preview":"max-video-preview:-1"},"canonical":"https:\/\/www.ceramiche-piemme.com\/fr\/adi-recompense-homey-paper-clay\/","og_locale":"fr_FR","og_type":"article","og_title":"ADI R\u00c9COMPENSE HOMEY PAPER CLAY - Ceramiche Piemme","og_description":"Ceramiche Piemme a \u00e9t\u00e9 s\u00e9lectionn\u00e9e pour l\u2019ADI Design Index 2025 avec la collection Homey Paper Clay de Paola Paronetto.","og_url":"https:\/\/www.ceramiche-piemme.com\/fr\/adi-recompense-homey-paper-clay\/","og_site_name":"Ceramiche Piemme","article_publisher":"https:\/\/www.facebook.com\/CeramichePiemme\/","article_published_time":"2025-10-16T10:08:41+00:00","article_modified_time":"2025-10-30T09:45:39+00:00","og_image":[{"width":800,"height":533,"url":"https:\/\/www.ceramiche-piemme.com\/wp-content\/uploads\/Adi_2025-1.jpg","type":"image\/jpeg"}],"author":"Federica","twitter_card":"summary_large_image","twitter_creator":"@CeramichePiemme","twitter_site":"@CeramichePiemme","twitter_misc":{"\u00c9crit par":"Federica","Dur\u00e9e de lecture estim\u00e9e":"2 minutes"},"schema":{"@context":"https:\/\/schema.org","@graph":[{"@type":"Article","@id":"https:\/\/www.ceramiche-piemme.com\/fr\/adi-recompense-homey-paper-clay\/#article","isPartOf":{"@id":"https:\/\/www.ceramiche-piemme.com\/fr\/adi-recompense-homey-paper-clay\/"},"author":{"name":"Federica","@id":"https:\/\/www.ceramiche-piemme.com\/fr\/#\/schema\/person\/625c48f9c95caf1f865e60c9f0f3190a"},"headline":"ADI R\u00c9COMPENSE HOMEY PAPER CLAY","datePublished":"2025-10-16T10:08:41+00:00","dateModified":"2025-10-30T09:45:39+00:00","mainEntityOfPage":{"@id":"https:\/\/www.ceramiche-piemme.com\/fr\/adi-recompense-homey-paper-clay\/"},"wordCount":353,"commentCount":0,"publisher":{"@id":"https:\/\/www.ceramiche-piemme.com\/fr\/#organization"},"image":{"@id":"https:\/\/www.ceramiche-piemme.com\/fr\/adi-recompense-homey-paper-clay\/#primaryimage"},"thumbnailUrl":"https:\/\/www.ceramiche-piemme.com\/wp-content\/uploads\/Adi_2025-1.jpg","articleSection":["NEWS","Uncategorized"],"inLanguage":"fr-FR","potentialAction":[{"@type":"CommentAction","name":"Comment","target":["https:\/\/www.ceramiche-piemme.com\/fr\/adi-recompense-homey-paper-clay\/#respond"]}]},{"@type":"WebPage","@id":"https:\/\/www.ceramiche-piemme.com\/fr\/adi-recompense-homey-paper-clay\/","url":"https:\/\/www.ceramiche-piemme.com\/fr\/adi-recompense-homey-paper-clay\/","name":"ADI R\u00c9COMPENSE HOMEY PAPER CLAY - Ceramiche Piemme","isPartOf":{"@id":"https:\/\/www.ceramiche-piemme.com\/fr\/#website"},"primaryImageOfPage":{"@id":"https:\/\/www.ceramiche-piemme.com\/fr\/adi-recompense-homey-paper-clay\/#primaryimage"},"image":{"@id":"https:\/\/www.ceramiche-piemme.com\/fr\/adi-recompense-homey-paper-clay\/#primaryimage"},"thumbnailUrl":"https:\/\/www.ceramiche-piemme.com\/wp-content\/uploads\/Adi_2025-1.jpg","datePublished":"2025-10-16T10:08:41+00:00","dateModified":"2025-10-30T09:45:39+00:00","description":"Ceramiche Piemme a \u00e9t\u00e9 s\u00e9lectionn\u00e9e pour l\u2019ADI Design Index 2025 avec la collection Homey Paper Clay de Paola Paronetto.","breadcrumb":{"@id":"https:\/\/www.ceramiche-piemme.com\/fr\/adi-recompense-homey-paper-clay\/#breadcrumb"},"inLanguage":"fr-FR","potentialAction":[{"@type":"ReadAction","target":["https:\/\/www.ceramiche-piemme.com\/fr\/adi-recompense-homey-paper-clay\/"]}]},{"@type":"ImageObject","inLanguage":"fr-FR","@id":"https:\/\/www.ceramiche-piemme.com\/fr\/adi-recompense-homey-paper-clay\/#primaryimage","url":"https:\/\/www.ceramiche-piemme.com\/wp-content\/uploads\/Adi_2025-1.jpg","contentUrl":"https:\/\/www.ceramiche-piemme.com\/wp-content\/uploads\/Adi_2025-1.jpg","width":800,"height":533},{"@type":"BreadcrumbList","@id":"https:\/\/www.ceramiche-piemme.com\/fr\/adi-recompense-homey-paper-clay\/#breadcrumb","itemListElement":[{"@type":"ListItem","position":1,"name":"Ceramiche Piemme","item":"https:\/\/www.ceramiche-piemme.com\/fr\/"},{"@type":"ListItem","position":2,"name":"ADI R\u00c9COMPENSE HOMEY PAPER CLAY"}]},{"@type":"WebSite","@id":"https:\/\/www.ceramiche-piemme.com\/fr\/#website","url":"https:\/\/www.ceramiche-piemme.com\/fr\/","name":"Ceramiche Piemme","description":"Ceramiche Piemme: Gres Porcellanato Made in Italy dal 1962","publisher":{"@id":"https:\/\/www.ceramiche-piemme.com\/fr\/#organization"},"potentialAction":[{"@type":"SearchAction","target":{"@type":"EntryPoint","urlTemplate":"https:\/\/www.ceramiche-piemme.com\/fr\/?s={search_term_string}"},"query-input":{"@type":"PropertyValueSpecification","valueRequired":true,"valueName":"search_term_string"}}],"inLanguage":"fr-FR"},{"@type":"Organization","@id":"https:\/\/www.ceramiche-piemme.com\/fr\/#organization","name":"Ceramiche Piemme","url":"https:\/\/www.ceramiche-piemme.com\/fr\/","logo":{"@type":"ImageObject","inLanguage":"fr-FR","@id":"https:\/\/www.ceramiche-piemme.com\/fr\/#\/schema\/logo\/image\/","url":"http:\/\/www.ceramiche-piemme.com\/wp-content\/uploads\/2023\/06\/logo.jpg","contentUrl":"http:\/\/www.ceramiche-piemme.com\/wp-content\/uploads\/2023\/06\/logo.jpg","width":522,"height":87,"caption":"Ceramiche Piemme"},"image":{"@id":"https:\/\/www.ceramiche-piemme.com\/fr\/#\/schema\/logo\/image\/"},"sameAs":["https:\/\/www.facebook.com\/CeramichePiemme\/","https:\/\/x.com\/CeramichePiemme","https:\/\/it.pinterest.com\/ceramichepiemme\/","https:\/\/www.youtube.com\/user\/CERAMICHEPIEMME","https:\/\/www.instagram.com\/ceramichepiemme\/","https:\/\/www.linkedin.com\/company\/9676212\/","https:\/\/vimeo.com\/ceramichepiemme"]},{"@type":"Person","@id":"https:\/\/www.ceramiche-piemme.com\/fr\/#\/schema\/person\/625c48f9c95caf1f865e60c9f0f3190a","name":"Federica","image":{"@type":"ImageObject","inLanguage":"fr-FR","@id":"https:\/\/www.ceramiche-piemme.com\/fr\/#\/schema\/person\/image\/","url":"https:\/\/secure.gravatar.com\/avatar\/59abd2ff5c94c475c1197398279e5c23ad55208e5d270785cc9e743833e036d1?s=96&d=mm&r=g","contentUrl":"https:\/\/secure.gravatar.com\/avatar\/59abd2ff5c94c475c1197398279e5c23ad55208e5d270785cc9e743833e036d1?s=96&d=mm&r=g","caption":"Federica"}}]}},"_links":{"self":[{"href":"https:\/\/www.ceramiche-piemme.com\/fr\/wp-json\/wp\/v2\/posts\/13091","targetHints":{"allow":["GET"]}}],"collection":[{"href":"https:\/\/www.ceramiche-piemme.com\/fr\/wp-json\/wp\/v2\/posts"}],"about":[{"href":"https:\/\/www.ceramiche-piemme.com\/fr\/wp-json\/wp\/v2\/types\/post"}],"author":[{"embeddable":true,"href":"https:\/\/www.ceramiche-piemme.com\/fr\/wp-json\/wp\/v2\/users\/3"}],"replies":[{"embeddable":true,"href":"https:\/\/www.ceramiche-piemme.com\/fr\/wp-json\/wp\/v2\/comments?post=13091"}],"version-history":[{"count":7,"href":"https:\/\/www.ceramiche-piemme.com\/fr\/wp-json\/wp\/v2\/posts\/13091\/revisions"}],"predecessor-version":[{"id":13167,"href":"https:\/\/www.ceramiche-piemme.com\/fr\/wp-json\/wp\/v2\/posts\/13091\/revisions\/13167"}],"wp:featuredmedia":[{"embeddable":true,"href":"https:\/\/www.ceramiche-piemme.com\/fr\/wp-json\/wp\/v2\/media\/13117"}],"wp:attachment":[{"href":"https:\/\/www.ceramiche-piemme.com\/fr\/wp-json\/wp\/v2\/media?parent=13091"}],"wp:term":[{"taxonomy":"category","embeddable":true,"href":"https:\/\/www.ceramiche-piemme.com\/fr\/wp-json\/wp\/v2\/categories?post=13091"},{"taxonomy":"post_tag","embeddable":true,"href":"https:\/\/www.ceramiche-piemme.com\/fr\/wp-json\/wp\/v2\/tags?post=13091"}],"curies":[{"name":"wp","href":"https:\/\/api.w.org\/{rel}","templated":true}]}}