{"id":5752,"date":"2022-09-05T06:32:36","date_gmt":"2022-09-05T06:32:36","guid":{"rendered":"https:\/\/www.ceramiche-piemme.com\/colorees-et-materiques-les-nouveautes-ceramique-piemme-au-cersaie\/"},"modified":"2023-10-16T14:49:25","modified_gmt":"2023-10-16T14:49:25","slug":"colorees-et-materiques-les-nouveautes-ceramique-piemme-au-cersaie","status":"publish","type":"post","link":"https:\/\/www.ceramiche-piemme.com\/fr\/colorees-et-materiques-les-nouveautes-ceramique-piemme-au-cersaie\/","title":{"rendered":"COLOR\u00c9ES ET MATERIQUES : LES NOUVEAUT\u00c9S CERAMIQUE PIEMME AU CERSAIE"},"content":{"rendered":"\t\t<div data-elementor-type=\"wp-post\" data-elementor-id=\"5752\" class=\"elementor elementor-5752 elementor-595\" data-elementor-post-type=\"post\">\n\t\t\t\t\t\t<section class=\"elementor-section elementor-top-section elementor-element elementor-element-418b5a4 elementor-section-boxed elementor-section-height-default elementor-section-height-default\" data-id=\"418b5a4\" data-element_type=\"section\">\n\t\t\t\t\t\t<div class=\"elementor-container elementor-column-gap-default\">\n\t\t\t\t\t<div class=\"elementor-column elementor-col-100 elementor-top-column elementor-element elementor-element-484657d0\" data-id=\"484657d0\" data-element_type=\"column\">\n\t\t\t<div class=\"elementor-widget-wrap elementor-element-populated\">\n\t\t\t\t\t\t<div class=\"elementor-element elementor-element-2ae7eb8c elementor-widget elementor-widget-text-editor\" data-id=\"2ae7eb8c\" data-element_type=\"widget\" data-widget_type=\"text-editor.default\">\n\t\t\t\t<div class=\"elementor-widget-container\">\n\t\t\t\t\t\t\t\t\t<h2>COLOR\u00c9ES ET MATERIQUES : LES NOUVEAUT\u00c9S CERAMIQUE PIEMME AU CERSAIE<\/h2>\n<p>Pierres naturelles mais aussi beaucoup de couleur et effets de mati\u00e8re marqu\u00e9s : ce sont les \u00e9l\u00e9ments qui caract\u00e9risent le Made in Italy sign\u00e9 Ceramiche Piemme au Cersaie de Bologne (26-30 septembre 2022).<\/p>\n<\/p>\n<p>Au premier plan sur le stand de l\u2019entreprise de Fiorano Modenese (Pav. 37 A64 B63) on trouve la nouvelle ligne de carreaux <strong>Homey<\/strong> en gr\u00e8s c\u00e9rame : couleurs chaudes et nuances &#8220;ton sur ton&#8221; con\u00e7ues pour dessiner tout type d\u2019environnement avec une grande flexibilit\u00e9. Des textures douces et homog\u00e8nes ou des structures g\u00e9om\u00e9triques en 3D &#8220;brique&#8221; sont disponibles en version naturelle ou avec un vernis encore plus brillant, pour mettre en valeur les teintes pleines. Toutes \u00e0 toucher les carreaux &#8220;Glass&#8221; avec un d\u00e9cor au troisi\u00e8me feu qui rappelle des vitraux au plomb color\u00e9s.  <\/p>\n<\/p>\n<p>Les couleurs naturelles et lumineuses de l\u2019Europe du Nord inspirent la collection <strong>Journey<\/strong>.<br \/>La technologie d\u2019impression Synchro Digit Piemme recr\u00e9e sur les carreaux des ondulations, des reliefs et tous les effets possibles tridimensionnels et tactiles de la pierre en parfaite synchronisation avec la d\u00e9coration num\u00e9rique. Un processus qui transforme la c\u00e9ramique en un nouveau mat\u00e9riau pratiquement indiscernable de l\u2019original. La ligne Journey est compl\u00e9t\u00e9e par des structures 3D pour les rev\u00eatements muraux qui pr\u00e9sentent d\u2019\u00e9l\u00e9gantes veines qui peuvent prendre progressivement un trait plus intense. Trois surfaces disponibles : naturel, silk ou antislip. Cette derni\u00e8re reproduit l\u2019effet de la coupe \u00e0 la scie sur les dalles de pierre, avec des marques transversales irr\u00e9guli\u00e8res qui offrent une r\u00e9sistance au glissement tout en maintenant la douceur au toucher. Id\u00e9al dans les espaces publics, les espaces commerciaux et les espaces bien-\u00eatre.     <\/p>\n<\/p>\n<p>Pour le secteur contract, Ceramiche Piemme pr\u00e9sente <strong>Opus<\/strong>, librement inspir\u00e9e de la terre cuite, un mat\u00e9riau qui a travers\u00e9 les si\u00e8cles pour caract\u00e9riser l\u2019architecture de la r\u00e9gion m\u00e9diterran\u00e9enne. Une r\u00e9f\u00e9rence suggestive, qui sur le plan chromatique est d\u00e9clin\u00e9e en couleurs neutres, qui abandonnent la tonalit\u00e9 classique tendant au rouge pour un effet ciment plus contemporain allant du clair Opus Album au plus sombre Opus Griseo. Parfaitement fid\u00e8le \u00e0 l\u2019original, la granulom\u00e9trie typique des agglom\u00e9rats de ciment, texture caract\u00e9ris\u00e9e par des effets de mati\u00e8re extr\u00eamement r\u00e9alistes, enrichie d\u2019inclusions brillantes sur un fond mat.  <\/p>\n\t\t\t\t\t\t\t\t<\/div>\n\t\t\t\t<\/div>\n\t\t\t\t<div class=\"elementor-element elementor-element-63bc5896 elementor-share-buttons--view-icon elementor-share-buttons--shape-circle elementor-share-buttons--color-custom elementor-share-buttons--skin-gradient elementor-grid-0 elementor-widget elementor-widget-mdp-sharinger-elementor\" data-id=\"63bc5896\" data-element_type=\"widget\" data-widget_type=\"mdp-sharinger-elementor.default\">\n\t\t\t\t<div class=\"elementor-widget-container\">\n\t\t\t\t\t        <div class=\"elementor-grid mdp-sharinger\">\n                            <div class=\"elementor-grid-item\">\n                    <div class=\"elementor-share-btn elementor-share-btn_facebook elementor-animation-\" tabindex=\"0\" aria-label=\"Share on facebook\">\n                                                    <span class=\"elementor-share-btn__icon\">\n\t\t\t\t\t\t\t\t<i class=\"fab fa-facebook\" aria-hidden=\"true\"><\/i>\t\t\t\t\t\t\t<\/span>\n                                                                    <\/div>\n                <\/div>\n                                <div class=\"elementor-grid-item\">\n                    <div class=\"elementor-share-btn elementor-share-btn_twitter elementor-animation-\" tabindex=\"0\" aria-label=\"Share on twitter\">\n                                                    <span class=\"elementor-share-btn__icon\">\n\t\t\t\t\t\t\t\t<i class=\"fab fa-twitter\" aria-hidden=\"true\"><\/i>\t\t\t\t\t\t\t<\/span>\n                                                                    <\/div>\n                <\/div>\n                                <div class=\"elementor-grid-item\">\n                    <div class=\"elementor-share-btn elementor-share-btn_pinterest elementor-animation-\" tabindex=\"0\" aria-label=\"Share on pinterest\">\n                                                    <span class=\"elementor-share-btn__icon\">\n\t\t\t\t\t\t\t\t<i class=\"fab fa-pinterest\" aria-hidden=\"true\"><\/i>\t\t\t\t\t\t\t<\/span>\n                                                                    <\/div>\n                <\/div>\n                                <div class=\"elementor-grid-item\">\n                    <div class=\"elementor-share-btn elementor-share-btn_linkedin elementor-animation-\" tabindex=\"0\" aria-label=\"Share on linkedin\">\n                                                    <span class=\"elementor-share-btn__icon\">\n\t\t\t\t\t\t\t\t<i class=\"fab fa-linkedin\" aria-hidden=\"true\"><\/i>\t\t\t\t\t\t\t<\/span>\n                                                                    <\/div>\n                <\/div>\n                        <\/div>\n        \t\t\t\t<\/div>\n\t\t\t\t<\/div>\n\t\t\t\t<div class=\"elementor-element elementor-element-320cd530 elementor-widget elementor-widget-spacer\" data-id=\"320cd530\" data-element_type=\"widget\" data-widget_type=\"spacer.default\">\n\t\t\t\t<div class=\"elementor-widget-container\">\n\t\t\t\t\t\t\t<div class=\"elementor-spacer\">\n\t\t\t<div class=\"elementor-spacer-inner\"><\/div>\n\t\t<\/div>\n\t\t\t\t\t\t<\/div>\n\t\t\t\t<\/div>\n\t\t\t\t\t<\/div>\n\t\t<\/div>\n\t\t\t\t\t<\/div>\n\t\t<\/section>\n\t\t\t\t<\/div>\n\t\t","protected":false},"excerpt":{"rendered":"<p>COLOR\u00c9ES ET MATERIQUES : LES NOUVEAUT\u00c9S CERAMIQUE PIEMME AU CERSAIE Pierres naturelles mais aussi beaucoup de couleur et effets de mati\u00e8re marqu\u00e9s : ce sont les<span class=\"excerpt-hellip\"> [\u2026]<\/span><\/p>\n","protected":false},"author":1,"featured_media":5753,"comment_status":"open","ping_status":"open","sticky":false,"template":"","format":"standard","meta":{"_monsterinsights_skip_tracking":false,"_monsterinsights_sitenote_active":false,"_monsterinsights_sitenote_note":"","_monsterinsights_sitenote_category":0,"_uf_show_specific_survey":0,"_uf_disable_surveys":false,"footnotes":""},"categories":[342],"tags":[],"class_list":["post-5752","post","type-post","status-publish","format-standard","has-post-thumbnail","hentry","category-news-fr"],"aioseo_notices":[],"yoast_head":"<!-- This site is optimized with the Yoast SEO plugin v25.3 - https:\/\/yoast.com\/wordpress\/plugins\/seo\/ -->\n<title>COLOR\u00c9ES ET MATERIQUES : LES NOUVEAUT\u00c9S CERAMIQUE PIEMME AU CERSAIE - Ceramiche Piemme<\/title>\n<meta name=\"robots\" content=\"index, follow, max-snippet:-1, max-image-preview:large, max-video-preview:-1\" \/>\n<link rel=\"canonical\" href=\"https:\/\/www.ceramiche-piemme.com\/fr\/colorees-et-materiques-les-nouveautes-ceramique-piemme-au-cersaie\/\" \/>\n<meta property=\"og:locale\" content=\"fr_FR\" \/>\n<meta property=\"og:type\" content=\"article\" \/>\n<meta property=\"og:title\" content=\"COLOR\u00c9ES ET MATERIQUES : LES NOUVEAUT\u00c9S CERAMIQUE PIEMME AU CERSAIE - Ceramiche Piemme\" \/>\n<meta property=\"og:description\" content=\"COLOR\u00c9ES ET MATERIQUES : LES NOUVEAUT\u00c9S CERAMIQUE PIEMME AU CERSAIE Pierres naturelles mais aussi beaucoup de couleur et effets de mati\u00e8re marqu\u00e9s : ce sont les [\u2026]\" \/>\n<meta property=\"og:url\" content=\"https:\/\/www.ceramiche-piemme.com\/fr\/colorees-et-materiques-les-nouveautes-ceramique-piemme-au-cersaie\/\" \/>\n<meta property=\"og:site_name\" content=\"Ceramiche Piemme\" \/>\n<meta property=\"article:publisher\" content=\"https:\/\/www.facebook.com\/CeramichePiemme\/\" \/>\n<meta property=\"article:published_time\" content=\"2022-09-05T06:32:36+00:00\" \/>\n<meta property=\"article:modified_time\" content=\"2023-10-16T14:49:25+00:00\" \/>\n<meta property=\"og:image\" content=\"https:\/\/www.ceramiche-piemme.com\/wp-content\/uploads\/2023\/06\/ceramiche-piemme-homey.jpeg\" \/>\n\t<meta property=\"og:image:width\" content=\"800\" \/>\n\t<meta property=\"og:image:height\" content=\"533\" \/>\n\t<meta property=\"og:image:type\" content=\"image\/jpeg\" \/>\n<meta name=\"author\" content=\"fabio.lodirizzini@gmail.com\" \/>\n<meta name=\"twitter:card\" content=\"summary_large_image\" \/>\n<meta name=\"twitter:creator\" content=\"@CeramichePiemme\" \/>\n<meta name=\"twitter:site\" content=\"@CeramichePiemme\" \/>\n<meta name=\"twitter:label1\" content=\"\u00c9crit par\" \/>\n\t<meta name=\"twitter:data1\" content=\"fabio.lodirizzini@gmail.com\" \/>\n\t<meta name=\"twitter:label2\" content=\"Dur\u00e9e de lecture estim\u00e9e\" \/>\n\t<meta name=\"twitter:data2\" content=\"2 minutes\" \/>\n<script type=\"application\/ld+json\" class=\"yoast-schema-graph\">{\"@context\":\"https:\/\/schema.org\",\"@graph\":[{\"@type\":\"Article\",\"@id\":\"https:\/\/www.ceramiche-piemme.com\/fr\/colorees-et-materiques-les-nouveautes-ceramique-piemme-au-cersaie\/#article\",\"isPartOf\":{\"@id\":\"https:\/\/www.ceramiche-piemme.com\/fr\/colorees-et-materiques-les-nouveautes-ceramique-piemme-au-cersaie\/\"},\"author\":{\"name\":\"fabio.lodirizzini@gmail.com\",\"@id\":\"https:\/\/www.ceramiche-piemme.com\/fr\/#\/schema\/person\/008ed7c8109a1d83d7c5132a72fa85c1\"},\"headline\":\"COLOR\u00c9ES ET MATERIQUES : LES NOUVEAUT\u00c9S CERAMIQUE PIEMME AU CERSAIE\",\"datePublished\":\"2022-09-05T06:32:36+00:00\",\"dateModified\":\"2023-10-16T14:49:25+00:00\",\"mainEntityOfPage\":{\"@id\":\"https:\/\/www.ceramiche-piemme.com\/fr\/colorees-et-materiques-les-nouveautes-ceramique-piemme-au-cersaie\/\"},\"wordCount\":429,\"commentCount\":0,\"publisher\":{\"@id\":\"https:\/\/www.ceramiche-piemme.com\/fr\/#organization\"},\"image\":{\"@id\":\"https:\/\/www.ceramiche-piemme.com\/fr\/colorees-et-materiques-les-nouveautes-ceramique-piemme-au-cersaie\/#primaryimage\"},\"thumbnailUrl\":\"https:\/\/www.ceramiche-piemme.com\/wp-content\/uploads\/2023\/06\/ceramiche-piemme-homey.jpeg\",\"articleSection\":[\"NEWS\"],\"inLanguage\":\"fr-FR\",\"potentialAction\":[{\"@type\":\"CommentAction\",\"name\":\"Comment\",\"target\":[\"https:\/\/www.ceramiche-piemme.com\/fr\/colorees-et-materiques-les-nouveautes-ceramique-piemme-au-cersaie\/#respond\"]}]},{\"@type\":\"WebPage\",\"@id\":\"https:\/\/www.ceramiche-piemme.com\/fr\/colorees-et-materiques-les-nouveautes-ceramique-piemme-au-cersaie\/\",\"url\":\"https:\/\/www.ceramiche-piemme.com\/fr\/colorees-et-materiques-les-nouveautes-ceramique-piemme-au-cersaie\/\",\"name\":\"COLOR\u00c9ES ET MATERIQUES : LES NOUVEAUT\u00c9S CERAMIQUE PIEMME AU CERSAIE - Ceramiche Piemme\",\"isPartOf\":{\"@id\":\"https:\/\/www.ceramiche-piemme.com\/fr\/#website\"},\"primaryImageOfPage\":{\"@id\":\"https:\/\/www.ceramiche-piemme.com\/fr\/colorees-et-materiques-les-nouveautes-ceramique-piemme-au-cersaie\/#primaryimage\"},\"image\":{\"@id\":\"https:\/\/www.ceramiche-piemme.com\/fr\/colorees-et-materiques-les-nouveautes-ceramique-piemme-au-cersaie\/#primaryimage\"},\"thumbnailUrl\":\"https:\/\/www.ceramiche-piemme.com\/wp-content\/uploads\/2023\/06\/ceramiche-piemme-homey.jpeg\",\"datePublished\":\"2022-09-05T06:32:36+00:00\",\"dateModified\":\"2023-10-16T14:49:25+00:00\",\"breadcrumb\":{\"@id\":\"https:\/\/www.ceramiche-piemme.com\/fr\/colorees-et-materiques-les-nouveautes-ceramique-piemme-au-cersaie\/#breadcrumb\"},\"inLanguage\":\"fr-FR\",\"potentialAction\":[{\"@type\":\"ReadAction\",\"target\":[\"https:\/\/www.ceramiche-piemme.com\/fr\/colorees-et-materiques-les-nouveautes-ceramique-piemme-au-cersaie\/\"]}]},{\"@type\":\"ImageObject\",\"inLanguage\":\"fr-FR\",\"@id\":\"https:\/\/www.ceramiche-piemme.com\/fr\/colorees-et-materiques-les-nouveautes-ceramique-piemme-au-cersaie\/#primaryimage\",\"url\":\"https:\/\/www.ceramiche-piemme.com\/wp-content\/uploads\/2023\/06\/ceramiche-piemme-homey.jpeg\",\"contentUrl\":\"https:\/\/www.ceramiche-piemme.com\/wp-content\/uploads\/2023\/06\/ceramiche-piemme-homey.jpeg\",\"width\":800,\"height\":533},{\"@type\":\"BreadcrumbList\",\"@id\":\"https:\/\/www.ceramiche-piemme.com\/fr\/colorees-et-materiques-les-nouveautes-ceramique-piemme-au-cersaie\/#breadcrumb\",\"itemListElement\":[{\"@type\":\"ListItem\",\"position\":1,\"name\":\"Ceramiche Piemme\",\"item\":\"https:\/\/www.ceramiche-piemme.com\/fr\/\"},{\"@type\":\"ListItem\",\"position\":2,\"name\":\"COLOR\u00c9ES ET MATERIQUES : LES NOUVEAUT\u00c9S CERAMIQUE PIEMME AU CERSAIE\"}]},{\"@type\":\"WebSite\",\"@id\":\"https:\/\/www.ceramiche-piemme.com\/fr\/#website\",\"url\":\"https:\/\/www.ceramiche-piemme.com\/fr\/\",\"name\":\"Ceramiche Piemme\",\"description\":\"Ceramiche Piemme: Gres Porcellanato Made in Italy dal 1962\",\"publisher\":{\"@id\":\"https:\/\/www.ceramiche-piemme.com\/fr\/#organization\"},\"potentialAction\":[{\"@type\":\"SearchAction\",\"target\":{\"@type\":\"EntryPoint\",\"urlTemplate\":\"https:\/\/www.ceramiche-piemme.com\/fr\/?s={search_term_string}\"},\"query-input\":{\"@type\":\"PropertyValueSpecification\",\"valueRequired\":true,\"valueName\":\"search_term_string\"}}],\"inLanguage\":\"fr-FR\"},{\"@type\":\"Organization\",\"@id\":\"https:\/\/www.ceramiche-piemme.com\/fr\/#organization\",\"name\":\"Ceramiche Piemme\",\"url\":\"https:\/\/www.ceramiche-piemme.com\/fr\/\",\"logo\":{\"@type\":\"ImageObject\",\"inLanguage\":\"fr-FR\",\"@id\":\"https:\/\/www.ceramiche-piemme.com\/fr\/#\/schema\/logo\/image\/\",\"url\":\"http:\/\/www.ceramiche-piemme.com\/wp-content\/uploads\/2023\/06\/logo.jpg\",\"contentUrl\":\"http:\/\/www.ceramiche-piemme.com\/wp-content\/uploads\/2023\/06\/logo.jpg\",\"width\":522,\"height\":87,\"caption\":\"Ceramiche Piemme\"},\"image\":{\"@id\":\"https:\/\/www.ceramiche-piemme.com\/fr\/#\/schema\/logo\/image\/\"},\"sameAs\":[\"https:\/\/www.facebook.com\/CeramichePiemme\/\",\"https:\/\/x.com\/CeramichePiemme\",\"https:\/\/it.pinterest.com\/ceramichepiemme\/\",\"https:\/\/www.youtube.com\/user\/CERAMICHEPIEMME\",\"https:\/\/www.instagram.com\/ceramichepiemme\/\",\"https:\/\/www.linkedin.com\/company\/9676212\/\",\"https:\/\/vimeo.com\/ceramichepiemme\"]},{\"@type\":\"Person\",\"@id\":\"https:\/\/www.ceramiche-piemme.com\/fr\/#\/schema\/person\/008ed7c8109a1d83d7c5132a72fa85c1\",\"name\":\"fabio.lodirizzini@gmail.com\",\"image\":{\"@type\":\"ImageObject\",\"inLanguage\":\"fr-FR\",\"@id\":\"https:\/\/www.ceramiche-piemme.com\/fr\/#\/schema\/person\/image\/\",\"url\":\"https:\/\/secure.gravatar.com\/avatar\/9cd984998641e64eb557146bda0c021a407372d91e93b27ac8c9c54ed4f4b3fc?s=96&d=mm&r=g\",\"contentUrl\":\"https:\/\/secure.gravatar.com\/avatar\/9cd984998641e64eb557146bda0c021a407372d91e93b27ac8c9c54ed4f4b3fc?s=96&d=mm&r=g\",\"caption\":\"fabio.lodirizzini@gmail.com\"}}]}<\/script>\n<!-- \/ Yoast SEO plugin. -->","yoast_head_json":{"title":"COLOR\u00c9ES ET MATERIQUES : LES NOUVEAUT\u00c9S CERAMIQUE PIEMME AU CERSAIE - Ceramiche Piemme","robots":{"index":"index","follow":"follow","max-snippet":"max-snippet:-1","max-image-preview":"max-image-preview:large","max-video-preview":"max-video-preview:-1"},"canonical":"https:\/\/www.ceramiche-piemme.com\/fr\/colorees-et-materiques-les-nouveautes-ceramique-piemme-au-cersaie\/","og_locale":"fr_FR","og_type":"article","og_title":"COLOR\u00c9ES ET MATERIQUES : LES NOUVEAUT\u00c9S CERAMIQUE PIEMME AU CERSAIE - Ceramiche Piemme","og_description":"COLOR\u00c9ES ET MATERIQUES : LES NOUVEAUT\u00c9S CERAMIQUE PIEMME AU CERSAIE Pierres naturelles mais aussi beaucoup de couleur et effets de mati\u00e8re marqu\u00e9s : ce sont les [\u2026]","og_url":"https:\/\/www.ceramiche-piemme.com\/fr\/colorees-et-materiques-les-nouveautes-ceramique-piemme-au-cersaie\/","og_site_name":"Ceramiche Piemme","article_publisher":"https:\/\/www.facebook.com\/CeramichePiemme\/","article_published_time":"2022-09-05T06:32:36+00:00","article_modified_time":"2023-10-16T14:49:25+00:00","og_image":[{"width":800,"height":533,"url":"https:\/\/www.ceramiche-piemme.com\/wp-content\/uploads\/2023\/06\/ceramiche-piemme-homey.jpeg","type":"image\/jpeg"}],"author":"fabio.lodirizzini@gmail.com","twitter_card":"summary_large_image","twitter_creator":"@CeramichePiemme","twitter_site":"@CeramichePiemme","twitter_misc":{"\u00c9crit par":"fabio.lodirizzini@gmail.com","Dur\u00e9e de lecture estim\u00e9e":"2 minutes"},"schema":{"@context":"https:\/\/schema.org","@graph":[{"@type":"Article","@id":"https:\/\/www.ceramiche-piemme.com\/fr\/colorees-et-materiques-les-nouveautes-ceramique-piemme-au-cersaie\/#article","isPartOf":{"@id":"https:\/\/www.ceramiche-piemme.com\/fr\/colorees-et-materiques-les-nouveautes-ceramique-piemme-au-cersaie\/"},"author":{"name":"fabio.lodirizzini@gmail.com","@id":"https:\/\/www.ceramiche-piemme.com\/fr\/#\/schema\/person\/008ed7c8109a1d83d7c5132a72fa85c1"},"headline":"COLOR\u00c9ES ET MATERIQUES : LES NOUVEAUT\u00c9S CERAMIQUE PIEMME AU CERSAIE","datePublished":"2022-09-05T06:32:36+00:00","dateModified":"2023-10-16T14:49:25+00:00","mainEntityOfPage":{"@id":"https:\/\/www.ceramiche-piemme.com\/fr\/colorees-et-materiques-les-nouveautes-ceramique-piemme-au-cersaie\/"},"wordCount":429,"commentCount":0,"publisher":{"@id":"https:\/\/www.ceramiche-piemme.com\/fr\/#organization"},"image":{"@id":"https:\/\/www.ceramiche-piemme.com\/fr\/colorees-et-materiques-les-nouveautes-ceramique-piemme-au-cersaie\/#primaryimage"},"thumbnailUrl":"https:\/\/www.ceramiche-piemme.com\/wp-content\/uploads\/2023\/06\/ceramiche-piemme-homey.jpeg","articleSection":["NEWS"],"inLanguage":"fr-FR","potentialAction":[{"@type":"CommentAction","name":"Comment","target":["https:\/\/www.ceramiche-piemme.com\/fr\/colorees-et-materiques-les-nouveautes-ceramique-piemme-au-cersaie\/#respond"]}]},{"@type":"WebPage","@id":"https:\/\/www.ceramiche-piemme.com\/fr\/colorees-et-materiques-les-nouveautes-ceramique-piemme-au-cersaie\/","url":"https:\/\/www.ceramiche-piemme.com\/fr\/colorees-et-materiques-les-nouveautes-ceramique-piemme-au-cersaie\/","name":"COLOR\u00c9ES ET MATERIQUES : LES NOUVEAUT\u00c9S CERAMIQUE PIEMME AU CERSAIE - Ceramiche Piemme","isPartOf":{"@id":"https:\/\/www.ceramiche-piemme.com\/fr\/#website"},"primaryImageOfPage":{"@id":"https:\/\/www.ceramiche-piemme.com\/fr\/colorees-et-materiques-les-nouveautes-ceramique-piemme-au-cersaie\/#primaryimage"},"image":{"@id":"https:\/\/www.ceramiche-piemme.com\/fr\/colorees-et-materiques-les-nouveautes-ceramique-piemme-au-cersaie\/#primaryimage"},"thumbnailUrl":"https:\/\/www.ceramiche-piemme.com\/wp-content\/uploads\/2023\/06\/ceramiche-piemme-homey.jpeg","datePublished":"2022-09-05T06:32:36+00:00","dateModified":"2023-10-16T14:49:25+00:00","breadcrumb":{"@id":"https:\/\/www.ceramiche-piemme.com\/fr\/colorees-et-materiques-les-nouveautes-ceramique-piemme-au-cersaie\/#breadcrumb"},"inLanguage":"fr-FR","potentialAction":[{"@type":"ReadAction","target":["https:\/\/www.ceramiche-piemme.com\/fr\/colorees-et-materiques-les-nouveautes-ceramique-piemme-au-cersaie\/"]}]},{"@type":"ImageObject","inLanguage":"fr-FR","@id":"https:\/\/www.ceramiche-piemme.com\/fr\/colorees-et-materiques-les-nouveautes-ceramique-piemme-au-cersaie\/#primaryimage","url":"https:\/\/www.ceramiche-piemme.com\/wp-content\/uploads\/2023\/06\/ceramiche-piemme-homey.jpeg","contentUrl":"https:\/\/www.ceramiche-piemme.com\/wp-content\/uploads\/2023\/06\/ceramiche-piemme-homey.jpeg","width":800,"height":533},{"@type":"BreadcrumbList","@id":"https:\/\/www.ceramiche-piemme.com\/fr\/colorees-et-materiques-les-nouveautes-ceramique-piemme-au-cersaie\/#breadcrumb","itemListElement":[{"@type":"ListItem","position":1,"name":"Ceramiche Piemme","item":"https:\/\/www.ceramiche-piemme.com\/fr\/"},{"@type":"ListItem","position":2,"name":"COLOR\u00c9ES ET MATERIQUES : LES NOUVEAUT\u00c9S CERAMIQUE PIEMME AU CERSAIE"}]},{"@type":"WebSite","@id":"https:\/\/www.ceramiche-piemme.com\/fr\/#website","url":"https:\/\/www.ceramiche-piemme.com\/fr\/","name":"Ceramiche Piemme","description":"Ceramiche Piemme: Gres Porcellanato Made in Italy dal 1962","publisher":{"@id":"https:\/\/www.ceramiche-piemme.com\/fr\/#organization"},"potentialAction":[{"@type":"SearchAction","target":{"@type":"EntryPoint","urlTemplate":"https:\/\/www.ceramiche-piemme.com\/fr\/?s={search_term_string}"},"query-input":{"@type":"PropertyValueSpecification","valueRequired":true,"valueName":"search_term_string"}}],"inLanguage":"fr-FR"},{"@type":"Organization","@id":"https:\/\/www.ceramiche-piemme.com\/fr\/#organization","name":"Ceramiche Piemme","url":"https:\/\/www.ceramiche-piemme.com\/fr\/","logo":{"@type":"ImageObject","inLanguage":"fr-FR","@id":"https:\/\/www.ceramiche-piemme.com\/fr\/#\/schema\/logo\/image\/","url":"http:\/\/www.ceramiche-piemme.com\/wp-content\/uploads\/2023\/06\/logo.jpg","contentUrl":"http:\/\/www.ceramiche-piemme.com\/wp-content\/uploads\/2023\/06\/logo.jpg","width":522,"height":87,"caption":"Ceramiche Piemme"},"image":{"@id":"https:\/\/www.ceramiche-piemme.com\/fr\/#\/schema\/logo\/image\/"},"sameAs":["https:\/\/www.facebook.com\/CeramichePiemme\/","https:\/\/x.com\/CeramichePiemme","https:\/\/it.pinterest.com\/ceramichepiemme\/","https:\/\/www.youtube.com\/user\/CERAMICHEPIEMME","https:\/\/www.instagram.com\/ceramichepiemme\/","https:\/\/www.linkedin.com\/company\/9676212\/","https:\/\/vimeo.com\/ceramichepiemme"]},{"@type":"Person","@id":"https:\/\/www.ceramiche-piemme.com\/fr\/#\/schema\/person\/008ed7c8109a1d83d7c5132a72fa85c1","name":"fabio.lodirizzini@gmail.com","image":{"@type":"ImageObject","inLanguage":"fr-FR","@id":"https:\/\/www.ceramiche-piemme.com\/fr\/#\/schema\/person\/image\/","url":"https:\/\/secure.gravatar.com\/avatar\/9cd984998641e64eb557146bda0c021a407372d91e93b27ac8c9c54ed4f4b3fc?s=96&d=mm&r=g","contentUrl":"https:\/\/secure.gravatar.com\/avatar\/9cd984998641e64eb557146bda0c021a407372d91e93b27ac8c9c54ed4f4b3fc?s=96&d=mm&r=g","caption":"fabio.lodirizzini@gmail.com"}}]}},"_links":{"self":[{"href":"https:\/\/www.ceramiche-piemme.com\/fr\/wp-json\/wp\/v2\/posts\/5752","targetHints":{"allow":["GET"]}}],"collection":[{"href":"https:\/\/www.ceramiche-piemme.com\/fr\/wp-json\/wp\/v2\/posts"}],"about":[{"href":"https:\/\/www.ceramiche-piemme.com\/fr\/wp-json\/wp\/v2\/types\/post"}],"author":[{"embeddable":true,"href":"https:\/\/www.ceramiche-piemme.com\/fr\/wp-json\/wp\/v2\/users\/1"}],"replies":[{"embeddable":true,"href":"https:\/\/www.ceramiche-piemme.com\/fr\/wp-json\/wp\/v2\/comments?post=5752"}],"version-history":[{"count":1,"href":"https:\/\/www.ceramiche-piemme.com\/fr\/wp-json\/wp\/v2\/posts\/5752\/revisions"}],"predecessor-version":[{"id":5754,"href":"https:\/\/www.ceramiche-piemme.com\/fr\/wp-json\/wp\/v2\/posts\/5752\/revisions\/5754"}],"wp:featuredmedia":[{"embeddable":true,"href":"https:\/\/www.ceramiche-piemme.com\/fr\/wp-json\/wp\/v2\/media\/5753"}],"wp:attachment":[{"href":"https:\/\/www.ceramiche-piemme.com\/fr\/wp-json\/wp\/v2\/media?parent=5752"}],"wp:term":[{"taxonomy":"category","embeddable":true,"href":"https:\/\/www.ceramiche-piemme.com\/fr\/wp-json\/wp\/v2\/categories?post=5752"},{"taxonomy":"post_tag","embeddable":true,"href":"https:\/\/www.ceramiche-piemme.com\/fr\/wp-json\/wp\/v2\/tags?post=5752"}],"curies":[{"name":"wp","href":"https:\/\/api.w.org\/{rel}","templated":true}]}}