{"id":5774,"date":"2021-10-18T10:54:25","date_gmt":"2021-10-18T10:54:25","guid":{"rendered":"https:\/\/www.ceramiche-piemme.com\/pece-ragusana-pour-la-nouvelle-serie-ceramica-ibla\/"},"modified":"2023-10-16T15:08:18","modified_gmt":"2023-10-16T15:08:18","slug":"pece-ragusana-pour-la-nouvelle-serie-ceramica-ibla","status":"publish","type":"post","link":"https:\/\/www.ceramiche-piemme.com\/fr\/pece-ragusana-pour-la-nouvelle-serie-ceramica-ibla\/","title":{"rendered":"PECE RAGUSANA POUR LA NOUVELLE S\u00c9RIE CERAMICA IBLA"},"content":{"rendered":"\t\t<div data-elementor-type=\"wp-post\" data-elementor-id=\"5774\" class=\"elementor elementor-5774 elementor-2212\" data-elementor-post-type=\"post\">\n\t\t\t\t\t\t<section class=\"elementor-section elementor-top-section elementor-element elementor-element-baa47e2 elementor-section-boxed elementor-section-height-default elementor-section-height-default\" data-id=\"baa47e2\" data-element_type=\"section\">\n\t\t\t\t\t\t<div class=\"elementor-container elementor-column-gap-default\">\n\t\t\t\t\t<div class=\"elementor-column elementor-col-100 elementor-top-column elementor-element elementor-element-2b228f2\" data-id=\"2b228f2\" data-element_type=\"column\">\n\t\t\t<div class=\"elementor-widget-wrap elementor-element-populated\">\n\t\t\t\t\t\t<div class=\"elementor-element elementor-element-dd1bd67 elementor-widget elementor-widget-text-editor\" data-id=\"dd1bd67\" data-element_type=\"widget\" data-widget_type=\"text-editor.default\">\n\t\t\t\t<div class=\"elementor-widget-container\">\n\t\t\t\t\t\t\t\t\t<h3 class=\"margin-b-40\">PECE RAGUSANA POUR LA NOUVELLE S\u00c9RIE CERAMICA IBLA<\/h3>\n<p>Inspiration sicilienne pour la nouvelle ligne de carrelages en gr\u00e8s c\u00e9rame IBLA de Ceramiche Piemme. Des veines et des couleurs recr\u00e9\u00e9es sur les surfaces de carreaux (60&#215;60 cm) et dalles (60&#215;120 cm et l\u2019innovant 30&#215;120) rappellent en effet celles de la \u00ab Pierre pece di Ragusa \u00bb, une roche asphaltique qui a caract\u00e9ris\u00e9 pendant des si\u00e8cles la cr\u00e9ation artistique et culturelle de l\u2019antique r\u00e9gion de Raguse (d\u2019o\u00f9 le nom de la collection). Une pierre fascinante utilis\u00e9e dans la cath\u00e9drale de la ville mais \u00e9galement dans les pavages de certaines rues d\u2019Europe.  <br \/>Des suggestions chromatiques \u00e0 d\u00e9couvrir \u00e9galement en ligne dans une visite virtuelle de \u00ab <a href=\"https:\/\/www.ceramichepiemme.it\/virtualtour\/villa-ibla\/virtual-tour.html\">Villa Ibla<\/a> \u00bb : une demeure m\u00e9diterran\u00e9enne \u00e9l\u00e9gante, \u00e0 explorer num\u00e9riquement en \u00ab naviguant \u00bb entre les espaces rev\u00eatus des diff\u00e9rents formats et d\u00e9cors de la nouvelle collection.<\/p>\n<\/p>\n<p>Les couleurs d\u2019IBLA sont au nombre de quatre (noir, blanc, gris et beige), d\u00e9velopp\u00e9es par les designers Piemme sur support c\u00e9ramique gr\u00e2ce \u00e0 la technologie \u00ab Synchro Digit \u00bb. Les nervures, reliefs et tous les effets tridimensionnels et tactiles possibles sur la surface des carrelages sont en effet r\u00e9alis\u00e9s num\u00e9riquement en correspondance parfaite avec la d\u00e9coration num\u00e9rique. Un processus de production qui, associ\u00e9 \u00e0 l\u2019impression \u00e0 300 DPI et au polissage particulier, accentue la grande profondeur mat\u00e9rielle des nouvelles surfaces c\u00e9ramiques Ibla. Effet patin\u00e9 et d\u00e9corations tridimensionnelles en relief s\u2019inspirant clairement de la Sicile, comme la dentelle traditionnelle rappel\u00e9e par le d\u00e9cor \u00ab Tombolo \u00bb ou le fin d\u00e9cor floral \u00ab Zagara \u00bb.   <\/p>\n<\/p>\n<p>\u00c0 c\u00f4t\u00e9 des formats les plus classiques, la nouvelle grande dalle \u00e9lanc\u00e9e (30&#215;119,5 cm) permet des chromatismes fascinants dans de nombreuses solutions de pose, aussi bien au sol qu\u2019en rev\u00eatement mural. Le petit listel 10&#215;60 cm et le chevron 10&#215;53 cm permettent respectivement la pose \u00e0 b\u00e2tons rompus ou en point de Hongrie. <\/p>\n\t\t\t\t\t\t\t\t<\/div>\n\t\t\t\t<\/div>\n\t\t\t\t<div class=\"elementor-element elementor-element-6c215f6 elementor-share-buttons--view-icon elementor-share-buttons--shape-circle elementor-share-buttons--color-custom elementor-share-buttons--skin-gradient elementor-grid-0 elementor-widget elementor-widget-mdp-sharinger-elementor\" data-id=\"6c215f6\" data-element_type=\"widget\" data-widget_type=\"mdp-sharinger-elementor.default\">\n\t\t\t\t<div class=\"elementor-widget-container\">\n\t\t\t\t\t        <div class=\"elementor-grid mdp-sharinger\">\n                            <div class=\"elementor-grid-item\">\n                    <div class=\"elementor-share-btn elementor-share-btn_facebook elementor-animation-\" tabindex=\"0\" aria-label=\"Share on facebook\">\n                                                    <span class=\"elementor-share-btn__icon\">\n\t\t\t\t\t\t\t\t<i class=\"fab fa-facebook\" aria-hidden=\"true\"><\/i>\t\t\t\t\t\t\t<\/span>\n                                                                    <\/div>\n                <\/div>\n                                <div class=\"elementor-grid-item\">\n                    <div class=\"elementor-share-btn elementor-share-btn_twitter elementor-animation-\" tabindex=\"0\" aria-label=\"Share on twitter\">\n                                                    <span class=\"elementor-share-btn__icon\">\n\t\t\t\t\t\t\t\t<i class=\"fab fa-twitter\" aria-hidden=\"true\"><\/i>\t\t\t\t\t\t\t<\/span>\n                                                                    <\/div>\n                <\/div>\n                                <div class=\"elementor-grid-item\">\n                    <div class=\"elementor-share-btn elementor-share-btn_pinterest elementor-animation-\" tabindex=\"0\" aria-label=\"Share on pinterest\">\n                                                    <span class=\"elementor-share-btn__icon\">\n\t\t\t\t\t\t\t\t<i class=\"fab fa-pinterest\" aria-hidden=\"true\"><\/i>\t\t\t\t\t\t\t<\/span>\n                                                                    <\/div>\n                <\/div>\n                                <div class=\"elementor-grid-item\">\n                    <div class=\"elementor-share-btn elementor-share-btn_linkedin elementor-animation-\" tabindex=\"0\" aria-label=\"Share on linkedin\">\n                                                    <span class=\"elementor-share-btn__icon\">\n\t\t\t\t\t\t\t\t<i class=\"fab fa-linkedin\" aria-hidden=\"true\"><\/i>\t\t\t\t\t\t\t<\/span>\n                                                                    <\/div>\n                <\/div>\n                        <\/div>\n        \t\t\t\t<\/div>\n\t\t\t\t<\/div>\n\t\t\t\t<div class=\"elementor-element elementor-element-26968b3 elementor-widget elementor-widget-spacer\" data-id=\"26968b3\" data-element_type=\"widget\" data-widget_type=\"spacer.default\">\n\t\t\t\t<div class=\"elementor-widget-container\">\n\t\t\t\t\t\t\t<div class=\"elementor-spacer\">\n\t\t\t<div class=\"elementor-spacer-inner\"><\/div>\n\t\t<\/div>\n\t\t\t\t\t\t<\/div>\n\t\t\t\t<\/div>\n\t\t\t\t\t<\/div>\n\t\t<\/div>\n\t\t\t\t\t<\/div>\n\t\t<\/section>\n\t\t\t\t<\/div>\n\t\t","protected":false},"excerpt":{"rendered":"<p>PECE RAGUSANA POUR LA NOUVELLE S\u00c9RIE CERAMICA IBLA Inspiration sicilienne pour la nouvelle ligne de carrelages en gr\u00e8s c\u00e9rame IBLA de Ceramiche Piemme. Des veines et<span class=\"excerpt-hellip\"> [\u2026]<\/span><\/p>\n","protected":false},"author":1,"featured_media":5775,"comment_status":"open","ping_status":"open","sticky":false,"template":"","format":"standard","meta":{"_monsterinsights_skip_tracking":false,"_monsterinsights_sitenote_active":false,"_monsterinsights_sitenote_note":"","_monsterinsights_sitenote_category":0,"_uf_show_specific_survey":0,"_uf_disable_surveys":false,"footnotes":""},"categories":[342],"tags":[],"class_list":["post-5774","post","type-post","status-publish","format-standard","has-post-thumbnail","hentry","category-news-fr"],"aioseo_notices":[],"yoast_head":"<!-- This site is optimized with the Yoast SEO plugin v25.3 - https:\/\/yoast.com\/wordpress\/plugins\/seo\/ -->\n<title>PECE RAGUSANA POUR LA NOUVELLE S\u00c9RIE CERAMICA IBLA - Ceramiche Piemme<\/title>\n<meta name=\"robots\" content=\"index, follow, max-snippet:-1, max-image-preview:large, max-video-preview:-1\" \/>\n<link rel=\"canonical\" href=\"https:\/\/www.ceramiche-piemme.com\/fr\/pece-ragusana-pour-la-nouvelle-serie-ceramica-ibla\/\" \/>\n<meta property=\"og:locale\" content=\"fr_FR\" \/>\n<meta property=\"og:type\" content=\"article\" \/>\n<meta property=\"og:title\" content=\"PECE RAGUSANA POUR LA NOUVELLE S\u00c9RIE CERAMICA IBLA - Ceramiche Piemme\" \/>\n<meta property=\"og:description\" content=\"PECE RAGUSANA POUR LA NOUVELLE S\u00c9RIE CERAMICA IBLA Inspiration sicilienne pour la nouvelle ligne de carrelages en gr\u00e8s c\u00e9rame IBLA de Ceramiche Piemme. Des veines et [\u2026]\" \/>\n<meta property=\"og:url\" content=\"https:\/\/www.ceramiche-piemme.com\/fr\/pece-ragusana-pour-la-nouvelle-serie-ceramica-ibla\/\" \/>\n<meta property=\"og:site_name\" content=\"Ceramiche Piemme\" \/>\n<meta property=\"article:publisher\" content=\"https:\/\/www.facebook.com\/CeramichePiemme\/\" \/>\n<meta property=\"article:published_time\" content=\"2021-10-18T10:54:25+00:00\" \/>\n<meta property=\"article:modified_time\" content=\"2023-10-16T15:08:18+00:00\" \/>\n<meta property=\"og:image\" content=\"https:\/\/www.ceramiche-piemme.com\/wp-content\/uploads\/2023\/09\/pece_news.jpg\" \/>\n\t<meta property=\"og:image:width\" content=\"800\" \/>\n\t<meta property=\"og:image:height\" content=\"533\" \/>\n\t<meta property=\"og:image:type\" content=\"image\/jpeg\" \/>\n<meta name=\"author\" content=\"fabio.lodirizzini@gmail.com\" \/>\n<meta name=\"twitter:card\" content=\"summary_large_image\" \/>\n<meta name=\"twitter:creator\" content=\"@CeramichePiemme\" \/>\n<meta name=\"twitter:site\" content=\"@CeramichePiemme\" \/>\n<meta name=\"twitter:label1\" content=\"\u00c9crit par\" \/>\n\t<meta name=\"twitter:data1\" content=\"fabio.lodirizzini@gmail.com\" \/>\n\t<meta name=\"twitter:label2\" content=\"Dur\u00e9e de lecture estim\u00e9e\" \/>\n\t<meta name=\"twitter:data2\" content=\"2 minutes\" \/>\n<script type=\"application\/ld+json\" class=\"yoast-schema-graph\">{\"@context\":\"https:\/\/schema.org\",\"@graph\":[{\"@type\":\"Article\",\"@id\":\"https:\/\/www.ceramiche-piemme.com\/fr\/pece-ragusana-pour-la-nouvelle-serie-ceramica-ibla\/#article\",\"isPartOf\":{\"@id\":\"https:\/\/www.ceramiche-piemme.com\/fr\/pece-ragusana-pour-la-nouvelle-serie-ceramica-ibla\/\"},\"author\":{\"name\":\"fabio.lodirizzini@gmail.com\",\"@id\":\"https:\/\/www.ceramiche-piemme.com\/fr\/#\/schema\/person\/008ed7c8109a1d83d7c5132a72fa85c1\"},\"headline\":\"PECE RAGUSANA POUR LA NOUVELLE S\u00c9RIE CERAMICA IBLA\",\"datePublished\":\"2021-10-18T10:54:25+00:00\",\"dateModified\":\"2023-10-16T15:08:18+00:00\",\"mainEntityOfPage\":{\"@id\":\"https:\/\/www.ceramiche-piemme.com\/fr\/pece-ragusana-pour-la-nouvelle-serie-ceramica-ibla\/\"},\"wordCount\":340,\"commentCount\":0,\"publisher\":{\"@id\":\"https:\/\/www.ceramiche-piemme.com\/fr\/#organization\"},\"image\":{\"@id\":\"https:\/\/www.ceramiche-piemme.com\/fr\/pece-ragusana-pour-la-nouvelle-serie-ceramica-ibla\/#primaryimage\"},\"thumbnailUrl\":\"https:\/\/www.ceramiche-piemme.com\/wp-content\/uploads\/2023\/09\/pece_news.jpg\",\"articleSection\":[\"NEWS\"],\"inLanguage\":\"fr-FR\",\"potentialAction\":[{\"@type\":\"CommentAction\",\"name\":\"Comment\",\"target\":[\"https:\/\/www.ceramiche-piemme.com\/fr\/pece-ragusana-pour-la-nouvelle-serie-ceramica-ibla\/#respond\"]}]},{\"@type\":\"WebPage\",\"@id\":\"https:\/\/www.ceramiche-piemme.com\/fr\/pece-ragusana-pour-la-nouvelle-serie-ceramica-ibla\/\",\"url\":\"https:\/\/www.ceramiche-piemme.com\/fr\/pece-ragusana-pour-la-nouvelle-serie-ceramica-ibla\/\",\"name\":\"PECE RAGUSANA POUR LA NOUVELLE S\u00c9RIE CERAMICA IBLA - Ceramiche Piemme\",\"isPartOf\":{\"@id\":\"https:\/\/www.ceramiche-piemme.com\/fr\/#website\"},\"primaryImageOfPage\":{\"@id\":\"https:\/\/www.ceramiche-piemme.com\/fr\/pece-ragusana-pour-la-nouvelle-serie-ceramica-ibla\/#primaryimage\"},\"image\":{\"@id\":\"https:\/\/www.ceramiche-piemme.com\/fr\/pece-ragusana-pour-la-nouvelle-serie-ceramica-ibla\/#primaryimage\"},\"thumbnailUrl\":\"https:\/\/www.ceramiche-piemme.com\/wp-content\/uploads\/2023\/09\/pece_news.jpg\",\"datePublished\":\"2021-10-18T10:54:25+00:00\",\"dateModified\":\"2023-10-16T15:08:18+00:00\",\"breadcrumb\":{\"@id\":\"https:\/\/www.ceramiche-piemme.com\/fr\/pece-ragusana-pour-la-nouvelle-serie-ceramica-ibla\/#breadcrumb\"},\"inLanguage\":\"fr-FR\",\"potentialAction\":[{\"@type\":\"ReadAction\",\"target\":[\"https:\/\/www.ceramiche-piemme.com\/fr\/pece-ragusana-pour-la-nouvelle-serie-ceramica-ibla\/\"]}]},{\"@type\":\"ImageObject\",\"inLanguage\":\"fr-FR\",\"@id\":\"https:\/\/www.ceramiche-piemme.com\/fr\/pece-ragusana-pour-la-nouvelle-serie-ceramica-ibla\/#primaryimage\",\"url\":\"https:\/\/www.ceramiche-piemme.com\/wp-content\/uploads\/2023\/09\/pece_news.jpg\",\"contentUrl\":\"https:\/\/www.ceramiche-piemme.com\/wp-content\/uploads\/2023\/09\/pece_news.jpg\",\"width\":800,\"height\":533},{\"@type\":\"BreadcrumbList\",\"@id\":\"https:\/\/www.ceramiche-piemme.com\/fr\/pece-ragusana-pour-la-nouvelle-serie-ceramica-ibla\/#breadcrumb\",\"itemListElement\":[{\"@type\":\"ListItem\",\"position\":1,\"name\":\"Ceramiche Piemme\",\"item\":\"https:\/\/www.ceramiche-piemme.com\/fr\/\"},{\"@type\":\"ListItem\",\"position\":2,\"name\":\"PECE RAGUSANA POUR LA NOUVELLE S\u00c9RIE CERAMICA IBLA\"}]},{\"@type\":\"WebSite\",\"@id\":\"https:\/\/www.ceramiche-piemme.com\/fr\/#website\",\"url\":\"https:\/\/www.ceramiche-piemme.com\/fr\/\",\"name\":\"Ceramiche Piemme\",\"description\":\"Ceramiche Piemme: Gres Porcellanato Made in Italy dal 1962\",\"publisher\":{\"@id\":\"https:\/\/www.ceramiche-piemme.com\/fr\/#organization\"},\"potentialAction\":[{\"@type\":\"SearchAction\",\"target\":{\"@type\":\"EntryPoint\",\"urlTemplate\":\"https:\/\/www.ceramiche-piemme.com\/fr\/?s={search_term_string}\"},\"query-input\":{\"@type\":\"PropertyValueSpecification\",\"valueRequired\":true,\"valueName\":\"search_term_string\"}}],\"inLanguage\":\"fr-FR\"},{\"@type\":\"Organization\",\"@id\":\"https:\/\/www.ceramiche-piemme.com\/fr\/#organization\",\"name\":\"Ceramiche Piemme\",\"url\":\"https:\/\/www.ceramiche-piemme.com\/fr\/\",\"logo\":{\"@type\":\"ImageObject\",\"inLanguage\":\"fr-FR\",\"@id\":\"https:\/\/www.ceramiche-piemme.com\/fr\/#\/schema\/logo\/image\/\",\"url\":\"http:\/\/www.ceramiche-piemme.com\/wp-content\/uploads\/2023\/06\/logo.jpg\",\"contentUrl\":\"http:\/\/www.ceramiche-piemme.com\/wp-content\/uploads\/2023\/06\/logo.jpg\",\"width\":522,\"height\":87,\"caption\":\"Ceramiche Piemme\"},\"image\":{\"@id\":\"https:\/\/www.ceramiche-piemme.com\/fr\/#\/schema\/logo\/image\/\"},\"sameAs\":[\"https:\/\/www.facebook.com\/CeramichePiemme\/\",\"https:\/\/x.com\/CeramichePiemme\",\"https:\/\/it.pinterest.com\/ceramichepiemme\/\",\"https:\/\/www.youtube.com\/user\/CERAMICHEPIEMME\",\"https:\/\/www.instagram.com\/ceramichepiemme\/\",\"https:\/\/www.linkedin.com\/company\/9676212\/\",\"https:\/\/vimeo.com\/ceramichepiemme\"]},{\"@type\":\"Person\",\"@id\":\"https:\/\/www.ceramiche-piemme.com\/fr\/#\/schema\/person\/008ed7c8109a1d83d7c5132a72fa85c1\",\"name\":\"fabio.lodirizzini@gmail.com\",\"image\":{\"@type\":\"ImageObject\",\"inLanguage\":\"fr-FR\",\"@id\":\"https:\/\/www.ceramiche-piemme.com\/fr\/#\/schema\/person\/image\/\",\"url\":\"https:\/\/secure.gravatar.com\/avatar\/9cd984998641e64eb557146bda0c021a407372d91e93b27ac8c9c54ed4f4b3fc?s=96&d=mm&r=g\",\"contentUrl\":\"https:\/\/secure.gravatar.com\/avatar\/9cd984998641e64eb557146bda0c021a407372d91e93b27ac8c9c54ed4f4b3fc?s=96&d=mm&r=g\",\"caption\":\"fabio.lodirizzini@gmail.com\"}}]}<\/script>\n<!-- \/ Yoast SEO plugin. -->","yoast_head_json":{"title":"PECE RAGUSANA POUR LA NOUVELLE S\u00c9RIE CERAMICA IBLA - Ceramiche Piemme","robots":{"index":"index","follow":"follow","max-snippet":"max-snippet:-1","max-image-preview":"max-image-preview:large","max-video-preview":"max-video-preview:-1"},"canonical":"https:\/\/www.ceramiche-piemme.com\/fr\/pece-ragusana-pour-la-nouvelle-serie-ceramica-ibla\/","og_locale":"fr_FR","og_type":"article","og_title":"PECE RAGUSANA POUR LA NOUVELLE S\u00c9RIE CERAMICA IBLA - Ceramiche Piemme","og_description":"PECE RAGUSANA POUR LA NOUVELLE S\u00c9RIE CERAMICA IBLA Inspiration sicilienne pour la nouvelle ligne de carrelages en gr\u00e8s c\u00e9rame IBLA de Ceramiche Piemme. Des veines et [\u2026]","og_url":"https:\/\/www.ceramiche-piemme.com\/fr\/pece-ragusana-pour-la-nouvelle-serie-ceramica-ibla\/","og_site_name":"Ceramiche Piemme","article_publisher":"https:\/\/www.facebook.com\/CeramichePiemme\/","article_published_time":"2021-10-18T10:54:25+00:00","article_modified_time":"2023-10-16T15:08:18+00:00","og_image":[{"width":800,"height":533,"url":"https:\/\/www.ceramiche-piemme.com\/wp-content\/uploads\/2023\/09\/pece_news.jpg","type":"image\/jpeg"}],"author":"fabio.lodirizzini@gmail.com","twitter_card":"summary_large_image","twitter_creator":"@CeramichePiemme","twitter_site":"@CeramichePiemme","twitter_misc":{"\u00c9crit par":"fabio.lodirizzini@gmail.com","Dur\u00e9e de lecture estim\u00e9e":"2 minutes"},"schema":{"@context":"https:\/\/schema.org","@graph":[{"@type":"Article","@id":"https:\/\/www.ceramiche-piemme.com\/fr\/pece-ragusana-pour-la-nouvelle-serie-ceramica-ibla\/#article","isPartOf":{"@id":"https:\/\/www.ceramiche-piemme.com\/fr\/pece-ragusana-pour-la-nouvelle-serie-ceramica-ibla\/"},"author":{"name":"fabio.lodirizzini@gmail.com","@id":"https:\/\/www.ceramiche-piemme.com\/fr\/#\/schema\/person\/008ed7c8109a1d83d7c5132a72fa85c1"},"headline":"PECE RAGUSANA POUR LA NOUVELLE S\u00c9RIE CERAMICA IBLA","datePublished":"2021-10-18T10:54:25+00:00","dateModified":"2023-10-16T15:08:18+00:00","mainEntityOfPage":{"@id":"https:\/\/www.ceramiche-piemme.com\/fr\/pece-ragusana-pour-la-nouvelle-serie-ceramica-ibla\/"},"wordCount":340,"commentCount":0,"publisher":{"@id":"https:\/\/www.ceramiche-piemme.com\/fr\/#organization"},"image":{"@id":"https:\/\/www.ceramiche-piemme.com\/fr\/pece-ragusana-pour-la-nouvelle-serie-ceramica-ibla\/#primaryimage"},"thumbnailUrl":"https:\/\/www.ceramiche-piemme.com\/wp-content\/uploads\/2023\/09\/pece_news.jpg","articleSection":["NEWS"],"inLanguage":"fr-FR","potentialAction":[{"@type":"CommentAction","name":"Comment","target":["https:\/\/www.ceramiche-piemme.com\/fr\/pece-ragusana-pour-la-nouvelle-serie-ceramica-ibla\/#respond"]}]},{"@type":"WebPage","@id":"https:\/\/www.ceramiche-piemme.com\/fr\/pece-ragusana-pour-la-nouvelle-serie-ceramica-ibla\/","url":"https:\/\/www.ceramiche-piemme.com\/fr\/pece-ragusana-pour-la-nouvelle-serie-ceramica-ibla\/","name":"PECE RAGUSANA POUR LA NOUVELLE S\u00c9RIE CERAMICA IBLA - Ceramiche Piemme","isPartOf":{"@id":"https:\/\/www.ceramiche-piemme.com\/fr\/#website"},"primaryImageOfPage":{"@id":"https:\/\/www.ceramiche-piemme.com\/fr\/pece-ragusana-pour-la-nouvelle-serie-ceramica-ibla\/#primaryimage"},"image":{"@id":"https:\/\/www.ceramiche-piemme.com\/fr\/pece-ragusana-pour-la-nouvelle-serie-ceramica-ibla\/#primaryimage"},"thumbnailUrl":"https:\/\/www.ceramiche-piemme.com\/wp-content\/uploads\/2023\/09\/pece_news.jpg","datePublished":"2021-10-18T10:54:25+00:00","dateModified":"2023-10-16T15:08:18+00:00","breadcrumb":{"@id":"https:\/\/www.ceramiche-piemme.com\/fr\/pece-ragusana-pour-la-nouvelle-serie-ceramica-ibla\/#breadcrumb"},"inLanguage":"fr-FR","potentialAction":[{"@type":"ReadAction","target":["https:\/\/www.ceramiche-piemme.com\/fr\/pece-ragusana-pour-la-nouvelle-serie-ceramica-ibla\/"]}]},{"@type":"ImageObject","inLanguage":"fr-FR","@id":"https:\/\/www.ceramiche-piemme.com\/fr\/pece-ragusana-pour-la-nouvelle-serie-ceramica-ibla\/#primaryimage","url":"https:\/\/www.ceramiche-piemme.com\/wp-content\/uploads\/2023\/09\/pece_news.jpg","contentUrl":"https:\/\/www.ceramiche-piemme.com\/wp-content\/uploads\/2023\/09\/pece_news.jpg","width":800,"height":533},{"@type":"BreadcrumbList","@id":"https:\/\/www.ceramiche-piemme.com\/fr\/pece-ragusana-pour-la-nouvelle-serie-ceramica-ibla\/#breadcrumb","itemListElement":[{"@type":"ListItem","position":1,"name":"Ceramiche Piemme","item":"https:\/\/www.ceramiche-piemme.com\/fr\/"},{"@type":"ListItem","position":2,"name":"PECE RAGUSANA POUR LA NOUVELLE S\u00c9RIE CERAMICA IBLA"}]},{"@type":"WebSite","@id":"https:\/\/www.ceramiche-piemme.com\/fr\/#website","url":"https:\/\/www.ceramiche-piemme.com\/fr\/","name":"Ceramiche Piemme","description":"Ceramiche Piemme: Gres Porcellanato Made in Italy dal 1962","publisher":{"@id":"https:\/\/www.ceramiche-piemme.com\/fr\/#organization"},"potentialAction":[{"@type":"SearchAction","target":{"@type":"EntryPoint","urlTemplate":"https:\/\/www.ceramiche-piemme.com\/fr\/?s={search_term_string}"},"query-input":{"@type":"PropertyValueSpecification","valueRequired":true,"valueName":"search_term_string"}}],"inLanguage":"fr-FR"},{"@type":"Organization","@id":"https:\/\/www.ceramiche-piemme.com\/fr\/#organization","name":"Ceramiche Piemme","url":"https:\/\/www.ceramiche-piemme.com\/fr\/","logo":{"@type":"ImageObject","inLanguage":"fr-FR","@id":"https:\/\/www.ceramiche-piemme.com\/fr\/#\/schema\/logo\/image\/","url":"http:\/\/www.ceramiche-piemme.com\/wp-content\/uploads\/2023\/06\/logo.jpg","contentUrl":"http:\/\/www.ceramiche-piemme.com\/wp-content\/uploads\/2023\/06\/logo.jpg","width":522,"height":87,"caption":"Ceramiche Piemme"},"image":{"@id":"https:\/\/www.ceramiche-piemme.com\/fr\/#\/schema\/logo\/image\/"},"sameAs":["https:\/\/www.facebook.com\/CeramichePiemme\/","https:\/\/x.com\/CeramichePiemme","https:\/\/it.pinterest.com\/ceramichepiemme\/","https:\/\/www.youtube.com\/user\/CERAMICHEPIEMME","https:\/\/www.instagram.com\/ceramichepiemme\/","https:\/\/www.linkedin.com\/company\/9676212\/","https:\/\/vimeo.com\/ceramichepiemme"]},{"@type":"Person","@id":"https:\/\/www.ceramiche-piemme.com\/fr\/#\/schema\/person\/008ed7c8109a1d83d7c5132a72fa85c1","name":"fabio.lodirizzini@gmail.com","image":{"@type":"ImageObject","inLanguage":"fr-FR","@id":"https:\/\/www.ceramiche-piemme.com\/fr\/#\/schema\/person\/image\/","url":"https:\/\/secure.gravatar.com\/avatar\/9cd984998641e64eb557146bda0c021a407372d91e93b27ac8c9c54ed4f4b3fc?s=96&d=mm&r=g","contentUrl":"https:\/\/secure.gravatar.com\/avatar\/9cd984998641e64eb557146bda0c021a407372d91e93b27ac8c9c54ed4f4b3fc?s=96&d=mm&r=g","caption":"fabio.lodirizzini@gmail.com"}}]}},"_links":{"self":[{"href":"https:\/\/www.ceramiche-piemme.com\/fr\/wp-json\/wp\/v2\/posts\/5774","targetHints":{"allow":["GET"]}}],"collection":[{"href":"https:\/\/www.ceramiche-piemme.com\/fr\/wp-json\/wp\/v2\/posts"}],"about":[{"href":"https:\/\/www.ceramiche-piemme.com\/fr\/wp-json\/wp\/v2\/types\/post"}],"author":[{"embeddable":true,"href":"https:\/\/www.ceramiche-piemme.com\/fr\/wp-json\/wp\/v2\/users\/1"}],"replies":[{"embeddable":true,"href":"https:\/\/www.ceramiche-piemme.com\/fr\/wp-json\/wp\/v2\/comments?post=5774"}],"version-history":[{"count":1,"href":"https:\/\/www.ceramiche-piemme.com\/fr\/wp-json\/wp\/v2\/posts\/5774\/revisions"}],"predecessor-version":[{"id":5776,"href":"https:\/\/www.ceramiche-piemme.com\/fr\/wp-json\/wp\/v2\/posts\/5774\/revisions\/5776"}],"wp:featuredmedia":[{"embeddable":true,"href":"https:\/\/www.ceramiche-piemme.com\/fr\/wp-json\/wp\/v2\/media\/5775"}],"wp:attachment":[{"href":"https:\/\/www.ceramiche-piemme.com\/fr\/wp-json\/wp\/v2\/media?parent=5774"}],"wp:term":[{"taxonomy":"category","embeddable":true,"href":"https:\/\/www.ceramiche-piemme.com\/fr\/wp-json\/wp\/v2\/categories?post=5774"},{"taxonomy":"post_tag","embeddable":true,"href":"https:\/\/www.ceramiche-piemme.com\/fr\/wp-json\/wp\/v2\/tags?post=5774"}],"curies":[{"name":"wp","href":"https:\/\/api.w.org\/{rel}","templated":true}]}}