{"id":2199,"date":"2022-03-03T10:50:37","date_gmt":"2022-03-03T10:50:37","guid":{"rendered":"http:\/\/www.ceramiche-piemme.com\/?p=2199"},"modified":"2023-09-01T11:13:10","modified_gmt":"2023-09-01T11:13:10","slug":"pietra-o-piastrella-meglio-il-gres-porcellanato","status":"publish","type":"post","link":"https:\/\/www.ceramiche-piemme.com\/it\/pietra-o-piastrella-meglio-il-gres-porcellanato\/","title":{"rendered":"PIETRA O PIASTRELLA? MEGLIO IL GRES PORCELLANATO"},"content":{"rendered":"\t\t<div data-elementor-type=\"wp-post\" data-elementor-id=\"2199\" class=\"elementor elementor-2199\" data-elementor-post-type=\"post\">\n\t\t\t\t\t\t<section class=\"elementor-section elementor-top-section elementor-element elementor-element-baa47e2 elementor-section-boxed elementor-section-height-default elementor-section-height-default\" data-id=\"baa47e2\" data-element_type=\"section\">\n\t\t\t\t\t\t<div class=\"elementor-container elementor-column-gap-default\">\n\t\t\t\t\t<div class=\"elementor-column elementor-col-100 elementor-top-column elementor-element elementor-element-2b228f2\" data-id=\"2b228f2\" data-element_type=\"column\">\n\t\t\t<div class=\"elementor-widget-wrap elementor-element-populated\">\n\t\t\t\t\t\t<div class=\"elementor-element elementor-element-dd1bd67 elementor-widget elementor-widget-text-editor\" data-id=\"dd1bd67\" data-element_type=\"widget\" data-widget_type=\"text-editor.default\">\n\t\t\t\t<div class=\"elementor-widget-container\">\n\t\t\t\t\t\t\t\t\t<h3 class=\"margin-b-40\">PIETRA O PIASTRELLA?<br \/>MEGLIO IL GRES PORCELLANATO<\/h3><p>A chi non piace un pavimento in pietra?<br \/>A chi pensa all&#8217;impatto ambientale per esempio, a chi deve posarlo, a chi dovr\u00e0 tenerlo pulito&#8230; Anche i pi\u00f9 restii alle pavimentazioni &#8220;effetto pietra&#8221; replicata su ceramica faticano oggi a distinguere tra naturale e non.<br \/>La tecnologia \u201cSynchro Digit\u201d utilizzata da Ceramiche Piemme ricrea sulle piastrelle increspature, rilievi e tutti i possibili effetti tridimensionali e tattili della pietra in perfetto sincrono con la decorazione digitale. Un processo produttivo che unito alla stampa a 300 dpi e alla particolare lappatura, esalta la grande profondit\u00e0 materica delle nuove superfici ceramiche.<\/p><p>\u00a0<\/p><p>Oggi la scelta di lastre e piastrelle in gr\u00e8s porcellanato anzich\u00e8 in marmo o pietra non solo non toglie nulla all&#8217;effetto estetico ma aggiunge valore al progetto in termini di praticit\u00e0 di posa e di manutenzione. A parit\u00e0 di spessore le piastrelle sono pi\u00f9 resistenti anche nel tempo.<br \/>Allo stesso tempo sono pi\u00f9 facili da tagliare e posare a regola d&#8217;arte. Il gr\u00e8s \u00e8 anche perfetto per sistemi di riscaldamento radianti. Resiste agli attacchi di batteri e muffe, che pi\u00f9 facilmente proliferano sulle pietre naturali. Infine pochi sanno che la ceramica \u00e8 un materiale sostenibile perch\u00e9 completamente riciclabile a fine vita.<\/p>\t\t\t\t\t\t\t\t<\/div>\n\t\t\t\t<\/div>\n\t\t\t\t<div class=\"elementor-element elementor-element-6c215f6 elementor-share-buttons--view-icon elementor-share-buttons--shape-circle elementor-share-buttons--color-custom elementor-share-buttons--skin-gradient elementor-grid-0 elementor-widget elementor-widget-mdp-sharinger-elementor\" data-id=\"6c215f6\" data-element_type=\"widget\" data-widget_type=\"mdp-sharinger-elementor.default\">\n\t\t\t\t<div class=\"elementor-widget-container\">\n\t\t\t\t\t        <div class=\"elementor-grid mdp-sharinger\">\n                            <div class=\"elementor-grid-item\">\n                    <div class=\"elementor-share-btn elementor-share-btn_facebook elementor-animation-\" tabindex=\"0\" aria-label=\"Share on facebook\">\n                                                    <span class=\"elementor-share-btn__icon\">\n\t\t\t\t\t\t\t\t<i class=\"fab fa-facebook\" aria-hidden=\"true\"><\/i>\t\t\t\t\t\t\t<\/span>\n                                                                    <\/div>\n                <\/div>\n                                <div class=\"elementor-grid-item\">\n                    <div class=\"elementor-share-btn elementor-share-btn_twitter elementor-animation-\" tabindex=\"0\" aria-label=\"Share on twitter\">\n                                                    <span class=\"elementor-share-btn__icon\">\n\t\t\t\t\t\t\t\t<i class=\"fab fa-twitter\" aria-hidden=\"true\"><\/i>\t\t\t\t\t\t\t<\/span>\n                                                                    <\/div>\n                <\/div>\n                                <div class=\"elementor-grid-item\">\n                    <div class=\"elementor-share-btn elementor-share-btn_pinterest elementor-animation-\" tabindex=\"0\" aria-label=\"Share on pinterest\">\n                                                    <span class=\"elementor-share-btn__icon\">\n\t\t\t\t\t\t\t\t<i class=\"fab fa-pinterest\" aria-hidden=\"true\"><\/i>\t\t\t\t\t\t\t<\/span>\n                                                                    <\/div>\n                <\/div>\n                                <div class=\"elementor-grid-item\">\n                    <div class=\"elementor-share-btn elementor-share-btn_linkedin elementor-animation-\" tabindex=\"0\" aria-label=\"Share on linkedin\">\n                                                    <span class=\"elementor-share-btn__icon\">\n\t\t\t\t\t\t\t\t<i class=\"fab fa-linkedin\" aria-hidden=\"true\"><\/i>\t\t\t\t\t\t\t<\/span>\n                                                                    <\/div>\n                <\/div>\n                        <\/div>\n        \t\t\t\t<\/div>\n\t\t\t\t<\/div>\n\t\t\t\t<div class=\"elementor-element elementor-element-26968b3 elementor-widget elementor-widget-spacer\" data-id=\"26968b3\" data-element_type=\"widget\" data-widget_type=\"spacer.default\">\n\t\t\t\t<div class=\"elementor-widget-container\">\n\t\t\t\t\t\t\t<div class=\"elementor-spacer\">\n\t\t\t<div class=\"elementor-spacer-inner\"><\/div>\n\t\t<\/div>\n\t\t\t\t\t\t<\/div>\n\t\t\t\t<\/div>\n\t\t\t\t\t<\/div>\n\t\t<\/div>\n\t\t\t\t\t<\/div>\n\t\t<\/section>\n\t\t\t\t<\/div>\n\t\t","protected":false},"excerpt":{"rendered":"<p>PIETRA O PIASTRELLA?MEGLIO IL GRES PORCELLANATO A chi non piace un pavimento in pietra?A chi pensa all&#8217;impatto ambientale per esempio, a chi deve posarlo, a chi<span class=\"excerpt-hellip\"> [\u2026]<\/span><\/p>\n","protected":false},"author":1,"featured_media":2200,"comment_status":"open","ping_status":"open","sticky":false,"template":"","format":"standard","meta":{"_monsterinsights_skip_tracking":false,"_monsterinsights_sitenote_active":false,"_monsterinsights_sitenote_note":"","_monsterinsights_sitenote_category":0,"_uf_show_specific_survey":0,"_uf_disable_surveys":false,"footnotes":""},"categories":[183],"tags":[],"class_list":["post-2199","post","type-post","status-publish","format-standard","has-post-thumbnail","hentry","category-news"],"aioseo_notices":[],"yoast_head":"<!-- This site is optimized with the Yoast SEO plugin v25.3 - https:\/\/yoast.com\/wordpress\/plugins\/seo\/ -->\n<title>PIETRA O PIASTRELLA? MEGLIO IL GRES PORCELLANATO - Ceramiche Piemme<\/title>\n<meta name=\"robots\" content=\"index, follow, max-snippet:-1, max-image-preview:large, max-video-preview:-1\" \/>\n<link rel=\"canonical\" href=\"https:\/\/www.ceramiche-piemme.com\/it\/pietra-o-piastrella-meglio-il-gres-porcellanato\/\" \/>\n<meta property=\"og:locale\" content=\"it_IT\" \/>\n<meta property=\"og:type\" content=\"article\" \/>\n<meta property=\"og:title\" content=\"PIETRA O PIASTRELLA? MEGLIO IL GRES PORCELLANATO - Ceramiche Piemme\" \/>\n<meta property=\"og:description\" content=\"PIETRA O PIASTRELLA?MEGLIO IL GRES PORCELLANATO A chi non piace un pavimento in pietra?A chi pensa all&#8217;impatto ambientale per esempio, a chi deve posarlo, a chi [\u2026]\" \/>\n<meta property=\"og:url\" content=\"https:\/\/www.ceramiche-piemme.com\/it\/pietra-o-piastrella-meglio-il-gres-porcellanato\/\" \/>\n<meta property=\"og:site_name\" content=\"Ceramiche Piemme\" \/>\n<meta property=\"article:publisher\" content=\"https:\/\/www.facebook.com\/CeramichePiemme\/\" \/>\n<meta property=\"article:published_time\" content=\"2022-03-03T10:50:37+00:00\" \/>\n<meta property=\"article:modified_time\" content=\"2023-09-01T11:13:10+00:00\" \/>\n<meta property=\"og:image\" content=\"https:\/\/www.ceramiche-piemme.com\/wp-content\/uploads\/2023\/09\/pietra_news.jpg\" \/>\n\t<meta property=\"og:image:width\" content=\"800\" \/>\n\t<meta property=\"og:image:height\" content=\"533\" \/>\n\t<meta property=\"og:image:type\" content=\"image\/jpeg\" \/>\n<meta name=\"author\" content=\"fabio.lodirizzini@gmail.com\" \/>\n<meta name=\"twitter:card\" content=\"summary_large_image\" \/>\n<meta name=\"twitter:creator\" content=\"@CeramichePiemme\" \/>\n<meta name=\"twitter:site\" content=\"@CeramichePiemme\" \/>\n<meta name=\"twitter:label1\" content=\"Scritto da\" \/>\n\t<meta name=\"twitter:data1\" content=\"fabio.lodirizzini@gmail.com\" \/>\n<script type=\"application\/ld+json\" class=\"yoast-schema-graph\">{\"@context\":\"https:\/\/schema.org\",\"@graph\":[{\"@type\":\"Article\",\"@id\":\"https:\/\/www.ceramiche-piemme.com\/it\/pietra-o-piastrella-meglio-il-gres-porcellanato\/#article\",\"isPartOf\":{\"@id\":\"https:\/\/www.ceramiche-piemme.com\/it\/pietra-o-piastrella-meglio-il-gres-porcellanato\/\"},\"author\":{\"name\":\"fabio.lodirizzini@gmail.com\",\"@id\":\"https:\/\/www.ceramiche-piemme.com\/it\/#\/schema\/person\/008ed7c8109a1d83d7c5132a72fa85c1\"},\"headline\":\"PIETRA O PIASTRELLA? MEGLIO IL GRES PORCELLANATO\",\"datePublished\":\"2022-03-03T10:50:37+00:00\",\"dateModified\":\"2023-09-01T11:13:10+00:00\",\"mainEntityOfPage\":{\"@id\":\"https:\/\/www.ceramiche-piemme.com\/it\/pietra-o-piastrella-meglio-il-gres-porcellanato\/\"},\"wordCount\":213,\"commentCount\":0,\"publisher\":{\"@id\":\"https:\/\/www.ceramiche-piemme.com\/it\/#organization\"},\"image\":{\"@id\":\"https:\/\/www.ceramiche-piemme.com\/it\/pietra-o-piastrella-meglio-il-gres-porcellanato\/#primaryimage\"},\"thumbnailUrl\":\"https:\/\/www.ceramiche-piemme.com\/wp-content\/uploads\/2023\/09\/pietra_news.jpg\",\"articleSection\":[\"NEWS\"],\"inLanguage\":\"it-IT\",\"potentialAction\":[{\"@type\":\"CommentAction\",\"name\":\"Comment\",\"target\":[\"https:\/\/www.ceramiche-piemme.com\/it\/pietra-o-piastrella-meglio-il-gres-porcellanato\/#respond\"]}]},{\"@type\":\"WebPage\",\"@id\":\"https:\/\/www.ceramiche-piemme.com\/it\/pietra-o-piastrella-meglio-il-gres-porcellanato\/\",\"url\":\"https:\/\/www.ceramiche-piemme.com\/it\/pietra-o-piastrella-meglio-il-gres-porcellanato\/\",\"name\":\"PIETRA O PIASTRELLA? MEGLIO IL GRES PORCELLANATO - Ceramiche Piemme\",\"isPartOf\":{\"@id\":\"https:\/\/www.ceramiche-piemme.com\/it\/#website\"},\"primaryImageOfPage\":{\"@id\":\"https:\/\/www.ceramiche-piemme.com\/it\/pietra-o-piastrella-meglio-il-gres-porcellanato\/#primaryimage\"},\"image\":{\"@id\":\"https:\/\/www.ceramiche-piemme.com\/it\/pietra-o-piastrella-meglio-il-gres-porcellanato\/#primaryimage\"},\"thumbnailUrl\":\"https:\/\/www.ceramiche-piemme.com\/wp-content\/uploads\/2023\/09\/pietra_news.jpg\",\"datePublished\":\"2022-03-03T10:50:37+00:00\",\"dateModified\":\"2023-09-01T11:13:10+00:00\",\"breadcrumb\":{\"@id\":\"https:\/\/www.ceramiche-piemme.com\/it\/pietra-o-piastrella-meglio-il-gres-porcellanato\/#breadcrumb\"},\"inLanguage\":\"it-IT\",\"potentialAction\":[{\"@type\":\"ReadAction\",\"target\":[\"https:\/\/www.ceramiche-piemme.com\/it\/pietra-o-piastrella-meglio-il-gres-porcellanato\/\"]}]},{\"@type\":\"ImageObject\",\"inLanguage\":\"it-IT\",\"@id\":\"https:\/\/www.ceramiche-piemme.com\/it\/pietra-o-piastrella-meglio-il-gres-porcellanato\/#primaryimage\",\"url\":\"https:\/\/www.ceramiche-piemme.com\/wp-content\/uploads\/2023\/09\/pietra_news.jpg\",\"contentUrl\":\"https:\/\/www.ceramiche-piemme.com\/wp-content\/uploads\/2023\/09\/pietra_news.jpg\",\"width\":800,\"height\":533},{\"@type\":\"BreadcrumbList\",\"@id\":\"https:\/\/www.ceramiche-piemme.com\/it\/pietra-o-piastrella-meglio-il-gres-porcellanato\/#breadcrumb\",\"itemListElement\":[{\"@type\":\"ListItem\",\"position\":1,\"name\":\"Ceramiche Piemme\",\"item\":\"https:\/\/www.ceramiche-piemme.com\/it\/\"},{\"@type\":\"ListItem\",\"position\":2,\"name\":\"PIETRA O PIASTRELLA? MEGLIO IL GRES PORCELLANATO\"}]},{\"@type\":\"WebSite\",\"@id\":\"https:\/\/www.ceramiche-piemme.com\/it\/#website\",\"url\":\"https:\/\/www.ceramiche-piemme.com\/it\/\",\"name\":\"Ceramiche Piemme\",\"description\":\"Ceramiche Piemme: Gres Porcellanato Made in Italy dal 1962\",\"publisher\":{\"@id\":\"https:\/\/www.ceramiche-piemme.com\/it\/#organization\"},\"potentialAction\":[{\"@type\":\"SearchAction\",\"target\":{\"@type\":\"EntryPoint\",\"urlTemplate\":\"https:\/\/www.ceramiche-piemme.com\/it\/?s={search_term_string}\"},\"query-input\":{\"@type\":\"PropertyValueSpecification\",\"valueRequired\":true,\"valueName\":\"search_term_string\"}}],\"inLanguage\":\"it-IT\"},{\"@type\":\"Organization\",\"@id\":\"https:\/\/www.ceramiche-piemme.com\/it\/#organization\",\"name\":\"Ceramiche Piemme\",\"url\":\"https:\/\/www.ceramiche-piemme.com\/it\/\",\"logo\":{\"@type\":\"ImageObject\",\"inLanguage\":\"it-IT\",\"@id\":\"https:\/\/www.ceramiche-piemme.com\/it\/#\/schema\/logo\/image\/\",\"url\":\"http:\/\/www.ceramiche-piemme.com\/wp-content\/uploads\/2023\/06\/logo.jpg\",\"contentUrl\":\"http:\/\/www.ceramiche-piemme.com\/wp-content\/uploads\/2023\/06\/logo.jpg\",\"width\":522,\"height\":87,\"caption\":\"Ceramiche Piemme\"},\"image\":{\"@id\":\"https:\/\/www.ceramiche-piemme.com\/it\/#\/schema\/logo\/image\/\"},\"sameAs\":[\"https:\/\/www.facebook.com\/CeramichePiemme\/\",\"https:\/\/x.com\/CeramichePiemme\",\"https:\/\/it.pinterest.com\/ceramichepiemme\/\",\"https:\/\/www.youtube.com\/user\/CERAMICHEPIEMME\",\"https:\/\/www.instagram.com\/ceramichepiemme\/\",\"https:\/\/www.linkedin.com\/company\/9676212\/\",\"https:\/\/vimeo.com\/ceramichepiemme\"]},{\"@type\":\"Person\",\"@id\":\"https:\/\/www.ceramiche-piemme.com\/it\/#\/schema\/person\/008ed7c8109a1d83d7c5132a72fa85c1\",\"name\":\"fabio.lodirizzini@gmail.com\",\"image\":{\"@type\":\"ImageObject\",\"inLanguage\":\"it-IT\",\"@id\":\"https:\/\/www.ceramiche-piemme.com\/it\/#\/schema\/person\/image\/\",\"url\":\"https:\/\/secure.gravatar.com\/avatar\/9cd984998641e64eb557146bda0c021a407372d91e93b27ac8c9c54ed4f4b3fc?s=96&d=mm&r=g\",\"contentUrl\":\"https:\/\/secure.gravatar.com\/avatar\/9cd984998641e64eb557146bda0c021a407372d91e93b27ac8c9c54ed4f4b3fc?s=96&d=mm&r=g\",\"caption\":\"fabio.lodirizzini@gmail.com\"}}]}<\/script>\n<!-- \/ Yoast SEO plugin. -->","yoast_head_json":{"title":"PIETRA O PIASTRELLA? MEGLIO IL GRES PORCELLANATO - Ceramiche Piemme","robots":{"index":"index","follow":"follow","max-snippet":"max-snippet:-1","max-image-preview":"max-image-preview:large","max-video-preview":"max-video-preview:-1"},"canonical":"https:\/\/www.ceramiche-piemme.com\/it\/pietra-o-piastrella-meglio-il-gres-porcellanato\/","og_locale":"it_IT","og_type":"article","og_title":"PIETRA O PIASTRELLA? MEGLIO IL GRES PORCELLANATO - Ceramiche Piemme","og_description":"PIETRA O PIASTRELLA?MEGLIO IL GRES PORCELLANATO A chi non piace un pavimento in pietra?A chi pensa all&#8217;impatto ambientale per esempio, a chi deve posarlo, a chi [\u2026]","og_url":"https:\/\/www.ceramiche-piemme.com\/it\/pietra-o-piastrella-meglio-il-gres-porcellanato\/","og_site_name":"Ceramiche Piemme","article_publisher":"https:\/\/www.facebook.com\/CeramichePiemme\/","article_published_time":"2022-03-03T10:50:37+00:00","article_modified_time":"2023-09-01T11:13:10+00:00","og_image":[{"width":800,"height":533,"url":"https:\/\/www.ceramiche-piemme.com\/wp-content\/uploads\/2023\/09\/pietra_news.jpg","type":"image\/jpeg"}],"author":"fabio.lodirizzini@gmail.com","twitter_card":"summary_large_image","twitter_creator":"@CeramichePiemme","twitter_site":"@CeramichePiemme","twitter_misc":{"Scritto da":"fabio.lodirizzini@gmail.com"},"schema":{"@context":"https:\/\/schema.org","@graph":[{"@type":"Article","@id":"https:\/\/www.ceramiche-piemme.com\/it\/pietra-o-piastrella-meglio-il-gres-porcellanato\/#article","isPartOf":{"@id":"https:\/\/www.ceramiche-piemme.com\/it\/pietra-o-piastrella-meglio-il-gres-porcellanato\/"},"author":{"name":"fabio.lodirizzini@gmail.com","@id":"https:\/\/www.ceramiche-piemme.com\/it\/#\/schema\/person\/008ed7c8109a1d83d7c5132a72fa85c1"},"headline":"PIETRA O PIASTRELLA? MEGLIO IL GRES PORCELLANATO","datePublished":"2022-03-03T10:50:37+00:00","dateModified":"2023-09-01T11:13:10+00:00","mainEntityOfPage":{"@id":"https:\/\/www.ceramiche-piemme.com\/it\/pietra-o-piastrella-meglio-il-gres-porcellanato\/"},"wordCount":213,"commentCount":0,"publisher":{"@id":"https:\/\/www.ceramiche-piemme.com\/it\/#organization"},"image":{"@id":"https:\/\/www.ceramiche-piemme.com\/it\/pietra-o-piastrella-meglio-il-gres-porcellanato\/#primaryimage"},"thumbnailUrl":"https:\/\/www.ceramiche-piemme.com\/wp-content\/uploads\/2023\/09\/pietra_news.jpg","articleSection":["NEWS"],"inLanguage":"it-IT","potentialAction":[{"@type":"CommentAction","name":"Comment","target":["https:\/\/www.ceramiche-piemme.com\/it\/pietra-o-piastrella-meglio-il-gres-porcellanato\/#respond"]}]},{"@type":"WebPage","@id":"https:\/\/www.ceramiche-piemme.com\/it\/pietra-o-piastrella-meglio-il-gres-porcellanato\/","url":"https:\/\/www.ceramiche-piemme.com\/it\/pietra-o-piastrella-meglio-il-gres-porcellanato\/","name":"PIETRA O PIASTRELLA? MEGLIO IL GRES PORCELLANATO - Ceramiche Piemme","isPartOf":{"@id":"https:\/\/www.ceramiche-piemme.com\/it\/#website"},"primaryImageOfPage":{"@id":"https:\/\/www.ceramiche-piemme.com\/it\/pietra-o-piastrella-meglio-il-gres-porcellanato\/#primaryimage"},"image":{"@id":"https:\/\/www.ceramiche-piemme.com\/it\/pietra-o-piastrella-meglio-il-gres-porcellanato\/#primaryimage"},"thumbnailUrl":"https:\/\/www.ceramiche-piemme.com\/wp-content\/uploads\/2023\/09\/pietra_news.jpg","datePublished":"2022-03-03T10:50:37+00:00","dateModified":"2023-09-01T11:13:10+00:00","breadcrumb":{"@id":"https:\/\/www.ceramiche-piemme.com\/it\/pietra-o-piastrella-meglio-il-gres-porcellanato\/#breadcrumb"},"inLanguage":"it-IT","potentialAction":[{"@type":"ReadAction","target":["https:\/\/www.ceramiche-piemme.com\/it\/pietra-o-piastrella-meglio-il-gres-porcellanato\/"]}]},{"@type":"ImageObject","inLanguage":"it-IT","@id":"https:\/\/www.ceramiche-piemme.com\/it\/pietra-o-piastrella-meglio-il-gres-porcellanato\/#primaryimage","url":"https:\/\/www.ceramiche-piemme.com\/wp-content\/uploads\/2023\/09\/pietra_news.jpg","contentUrl":"https:\/\/www.ceramiche-piemme.com\/wp-content\/uploads\/2023\/09\/pietra_news.jpg","width":800,"height":533},{"@type":"BreadcrumbList","@id":"https:\/\/www.ceramiche-piemme.com\/it\/pietra-o-piastrella-meglio-il-gres-porcellanato\/#breadcrumb","itemListElement":[{"@type":"ListItem","position":1,"name":"Ceramiche Piemme","item":"https:\/\/www.ceramiche-piemme.com\/it\/"},{"@type":"ListItem","position":2,"name":"PIETRA O PIASTRELLA? MEGLIO IL GRES PORCELLANATO"}]},{"@type":"WebSite","@id":"https:\/\/www.ceramiche-piemme.com\/it\/#website","url":"https:\/\/www.ceramiche-piemme.com\/it\/","name":"Ceramiche Piemme","description":"Ceramiche Piemme: Gres Porcellanato Made in Italy dal 1962","publisher":{"@id":"https:\/\/www.ceramiche-piemme.com\/it\/#organization"},"potentialAction":[{"@type":"SearchAction","target":{"@type":"EntryPoint","urlTemplate":"https:\/\/www.ceramiche-piemme.com\/it\/?s={search_term_string}"},"query-input":{"@type":"PropertyValueSpecification","valueRequired":true,"valueName":"search_term_string"}}],"inLanguage":"it-IT"},{"@type":"Organization","@id":"https:\/\/www.ceramiche-piemme.com\/it\/#organization","name":"Ceramiche Piemme","url":"https:\/\/www.ceramiche-piemme.com\/it\/","logo":{"@type":"ImageObject","inLanguage":"it-IT","@id":"https:\/\/www.ceramiche-piemme.com\/it\/#\/schema\/logo\/image\/","url":"http:\/\/www.ceramiche-piemme.com\/wp-content\/uploads\/2023\/06\/logo.jpg","contentUrl":"http:\/\/www.ceramiche-piemme.com\/wp-content\/uploads\/2023\/06\/logo.jpg","width":522,"height":87,"caption":"Ceramiche Piemme"},"image":{"@id":"https:\/\/www.ceramiche-piemme.com\/it\/#\/schema\/logo\/image\/"},"sameAs":["https:\/\/www.facebook.com\/CeramichePiemme\/","https:\/\/x.com\/CeramichePiemme","https:\/\/it.pinterest.com\/ceramichepiemme\/","https:\/\/www.youtube.com\/user\/CERAMICHEPIEMME","https:\/\/www.instagram.com\/ceramichepiemme\/","https:\/\/www.linkedin.com\/company\/9676212\/","https:\/\/vimeo.com\/ceramichepiemme"]},{"@type":"Person","@id":"https:\/\/www.ceramiche-piemme.com\/it\/#\/schema\/person\/008ed7c8109a1d83d7c5132a72fa85c1","name":"fabio.lodirizzini@gmail.com","image":{"@type":"ImageObject","inLanguage":"it-IT","@id":"https:\/\/www.ceramiche-piemme.com\/it\/#\/schema\/person\/image\/","url":"https:\/\/secure.gravatar.com\/avatar\/9cd984998641e64eb557146bda0c021a407372d91e93b27ac8c9c54ed4f4b3fc?s=96&d=mm&r=g","contentUrl":"https:\/\/secure.gravatar.com\/avatar\/9cd984998641e64eb557146bda0c021a407372d91e93b27ac8c9c54ed4f4b3fc?s=96&d=mm&r=g","caption":"fabio.lodirizzini@gmail.com"}}]}},"_links":{"self":[{"href":"https:\/\/www.ceramiche-piemme.com\/it\/wp-json\/wp\/v2\/posts\/2199","targetHints":{"allow":["GET"]}}],"collection":[{"href":"https:\/\/www.ceramiche-piemme.com\/it\/wp-json\/wp\/v2\/posts"}],"about":[{"href":"https:\/\/www.ceramiche-piemme.com\/it\/wp-json\/wp\/v2\/types\/post"}],"author":[{"embeddable":true,"href":"https:\/\/www.ceramiche-piemme.com\/it\/wp-json\/wp\/v2\/users\/1"}],"replies":[{"embeddable":true,"href":"https:\/\/www.ceramiche-piemme.com\/it\/wp-json\/wp\/v2\/comments?post=2199"}],"version-history":[{"count":4,"href":"https:\/\/www.ceramiche-piemme.com\/it\/wp-json\/wp\/v2\/posts\/2199\/revisions"}],"predecessor-version":[{"id":2205,"href":"https:\/\/www.ceramiche-piemme.com\/it\/wp-json\/wp\/v2\/posts\/2199\/revisions\/2205"}],"wp:featuredmedia":[{"embeddable":true,"href":"https:\/\/www.ceramiche-piemme.com\/it\/wp-json\/wp\/v2\/media\/2200"}],"wp:attachment":[{"href":"https:\/\/www.ceramiche-piemme.com\/it\/wp-json\/wp\/v2\/media?parent=2199"}],"wp:term":[{"taxonomy":"category","embeddable":true,"href":"https:\/\/www.ceramiche-piemme.com\/it\/wp-json\/wp\/v2\/categories?post=2199"},{"taxonomy":"post_tag","embeddable":true,"href":"https:\/\/www.ceramiche-piemme.com\/it\/wp-json\/wp\/v2\/tags?post=2199"}],"curies":[{"name":"wp","href":"https:\/\/api.w.org\/{rel}","templated":true}]}}