{"id":2239,"date":"2021-09-15T11:07:23","date_gmt":"2021-09-15T11:07:23","guid":{"rendered":"http:\/\/www.ceramiche-piemme.com\/?p=2239"},"modified":"2023-09-01T11:14:16","modified_gmt":"2023-09-01T11:14:16","slug":"ceramiche-piemme-presenta-ibla","status":"publish","type":"post","link":"https:\/\/www.ceramiche-piemme.com\/it\/ceramiche-piemme-presenta-ibla\/","title":{"rendered":"CERAMICHE PIEMME PRESENTA IBLA"},"content":{"rendered":"\t\t<div data-elementor-type=\"wp-post\" data-elementor-id=\"2239\" class=\"elementor elementor-2239\" data-elementor-post-type=\"post\">\n\t\t\t\t\t\t<section class=\"elementor-section elementor-top-section elementor-element elementor-element-baa47e2 elementor-section-boxed elementor-section-height-default elementor-section-height-default\" data-id=\"baa47e2\" data-element_type=\"section\">\n\t\t\t\t\t\t<div class=\"elementor-container elementor-column-gap-default\">\n\t\t\t\t\t<div class=\"elementor-column elementor-col-100 elementor-top-column elementor-element elementor-element-2b228f2\" data-id=\"2b228f2\" data-element_type=\"column\">\n\t\t\t<div class=\"elementor-widget-wrap elementor-element-populated\">\n\t\t\t\t\t\t<div class=\"elementor-element elementor-element-dd1bd67 elementor-widget elementor-widget-text-editor\" data-id=\"dd1bd67\" data-element_type=\"widget\" data-widget_type=\"text-editor.default\">\n\t\t\t\t<div class=\"elementor-widget-container\">\n\t\t\t\t\t\t\t\t\t<h3 class=\"margin-b-40\">CERAMICHE PIEMME PRESENTA IBLA<\/h3><p>Alto artigianato artistico italiano e tecnologie digitali per la nuova linea di piastrelle in gr\u00e8s porcellanato IBLA di Ceramiche Piemme. La profondit\u00e0 materica della pietra pece di Ragusa accostata a decori tridimensionali che richiamano disegni e rilievi del merletto tradizionale: nasce cos\u00ec la collezione che porta l&#8217;antico nome della citt\u00e0 Patrimonio Unesco.<br \/>Gli stilemi del processo artistico e culturale dell\u2019antica area Ragusana diventano cos\u00ec veri e propri tool di progettazione contemporanea a disposizione di chi voglia ricreare atmosfere mediterranee con eleganti richiami al Made in Italy. Colorazioni bituminose e anticate, superfici che alternano opacit\u00e0 a lucentezze inedite sono state sviluppate dai designer Piemme in chiave ceramica grazie alla tecnologia \u201cSynchro Digit\u201d. Una corrispondenza &#8220;al vero&#8221; che non si limita al primo sguardo ma diventa addirittura tridimensionale.<\/p><p>\u00a0<\/p><p>Avanguardia tecnologica per un gr\u00e8s porcellanato facile da posare, ecologico e robustissimo capace per\u00f2 di conferire agli ambienti grande carattere e flessibilit\u00e0 progettuale.<br \/>In abbinamento alle 4 varianti colore dei fondi, i rivestimenti a parete &#8220;Tombolo\u201d, il decoro floreale \u201cZagara\u201d, i mosaici \u201cRagusa\u201d e \u201cOpus\u201d (a doppia superficie, naturale e lappata) fanno di Ibla una collezione di grande effetto.<\/p><p>\u00a0<\/p><p>Accanto ai formati pi\u00f9 classici il nuovo listone slanciato (30&#215;119.5 cm) permette affascinanti cromatismi in molteplici soluzioni di posa sia da pavimento che rivestimento murale. Il listoncino 10&#215;60 cm e lo chevron 10&#215;53 cm consentono rispettivamente la posa a spina all\u2019italiana o alla francese.<\/p>\t\t\t\t\t\t\t\t<\/div>\n\t\t\t\t<\/div>\n\t\t\t\t<div class=\"elementor-element elementor-element-6c215f6 elementor-share-buttons--view-icon elementor-share-buttons--shape-circle elementor-share-buttons--color-custom elementor-share-buttons--skin-gradient elementor-grid-0 elementor-widget elementor-widget-mdp-sharinger-elementor\" data-id=\"6c215f6\" data-element_type=\"widget\" data-widget_type=\"mdp-sharinger-elementor.default\">\n\t\t\t\t<div class=\"elementor-widget-container\">\n\t\t\t\t\t        <div class=\"elementor-grid mdp-sharinger\">\n                            <div class=\"elementor-grid-item\">\n                    <div class=\"elementor-share-btn elementor-share-btn_facebook elementor-animation-\" tabindex=\"0\" aria-label=\"Share on facebook\">\n                                                    <span class=\"elementor-share-btn__icon\">\n\t\t\t\t\t\t\t\t<i class=\"fab fa-facebook\" aria-hidden=\"true\"><\/i>\t\t\t\t\t\t\t<\/span>\n                                                                    <\/div>\n                <\/div>\n                                <div class=\"elementor-grid-item\">\n                    <div class=\"elementor-share-btn elementor-share-btn_twitter elementor-animation-\" tabindex=\"0\" aria-label=\"Share on twitter\">\n                                                    <span class=\"elementor-share-btn__icon\">\n\t\t\t\t\t\t\t\t<i class=\"fab fa-twitter\" aria-hidden=\"true\"><\/i>\t\t\t\t\t\t\t<\/span>\n                                                                    <\/div>\n                <\/div>\n                                <div class=\"elementor-grid-item\">\n                    <div class=\"elementor-share-btn elementor-share-btn_pinterest elementor-animation-\" tabindex=\"0\" aria-label=\"Share on pinterest\">\n                                                    <span class=\"elementor-share-btn__icon\">\n\t\t\t\t\t\t\t\t<i class=\"fab fa-pinterest\" aria-hidden=\"true\"><\/i>\t\t\t\t\t\t\t<\/span>\n                                                                    <\/div>\n                <\/div>\n                                <div class=\"elementor-grid-item\">\n                    <div class=\"elementor-share-btn elementor-share-btn_linkedin elementor-animation-\" tabindex=\"0\" aria-label=\"Share on linkedin\">\n                                                    <span class=\"elementor-share-btn__icon\">\n\t\t\t\t\t\t\t\t<i class=\"fab fa-linkedin\" aria-hidden=\"true\"><\/i>\t\t\t\t\t\t\t<\/span>\n                                                                    <\/div>\n                <\/div>\n                        <\/div>\n        \t\t\t\t<\/div>\n\t\t\t\t<\/div>\n\t\t\t\t<div class=\"elementor-element elementor-element-26968b3 elementor-widget elementor-widget-spacer\" data-id=\"26968b3\" data-element_type=\"widget\" data-widget_type=\"spacer.default\">\n\t\t\t\t<div class=\"elementor-widget-container\">\n\t\t\t\t\t\t\t<div class=\"elementor-spacer\">\n\t\t\t<div class=\"elementor-spacer-inner\"><\/div>\n\t\t<\/div>\n\t\t\t\t\t\t<\/div>\n\t\t\t\t<\/div>\n\t\t\t\t\t<\/div>\n\t\t<\/div>\n\t\t\t\t\t<\/div>\n\t\t<\/section>\n\t\t\t\t<\/div>\n\t\t","protected":false},"excerpt":{"rendered":"<p>CERAMICHE PIEMME PRESENTA IBLA Alto artigianato artistico italiano e tecnologie digitali per la nuova linea di piastrelle in gr\u00e8s porcellanato IBLA di Ceramiche Piemme. La profondit\u00e0<span class=\"excerpt-hellip\"> [\u2026]<\/span><\/p>\n","protected":false},"author":1,"featured_media":2240,"comment_status":"open","ping_status":"open","sticky":false,"template":"","format":"standard","meta":{"_monsterinsights_skip_tracking":false,"_monsterinsights_sitenote_active":false,"_monsterinsights_sitenote_note":"","_monsterinsights_sitenote_category":0,"_uf_show_specific_survey":0,"_uf_disable_surveys":false,"footnotes":""},"categories":[183],"tags":[],"class_list":["post-2239","post","type-post","status-publish","format-standard","has-post-thumbnail","hentry","category-news"],"aioseo_notices":[],"yoast_head":"<!-- This site is optimized with the Yoast SEO plugin v25.3 - https:\/\/yoast.com\/wordpress\/plugins\/seo\/ -->\n<title>CERAMICHE PIEMME PRESENTA IBLA - Ceramiche Piemme<\/title>\n<meta name=\"robots\" content=\"index, follow, max-snippet:-1, max-image-preview:large, max-video-preview:-1\" \/>\n<link rel=\"canonical\" href=\"https:\/\/www.ceramiche-piemme.com\/it\/ceramiche-piemme-presenta-ibla\/\" \/>\n<meta property=\"og:locale\" content=\"it_IT\" \/>\n<meta property=\"og:type\" content=\"article\" \/>\n<meta property=\"og:title\" content=\"CERAMICHE PIEMME PRESENTA IBLA - Ceramiche Piemme\" \/>\n<meta property=\"og:description\" content=\"CERAMICHE PIEMME PRESENTA IBLA Alto artigianato artistico italiano e tecnologie digitali per la nuova linea di piastrelle in gr\u00e8s porcellanato IBLA di Ceramiche Piemme. La profondit\u00e0 [\u2026]\" \/>\n<meta property=\"og:url\" content=\"https:\/\/www.ceramiche-piemme.com\/it\/ceramiche-piemme-presenta-ibla\/\" \/>\n<meta property=\"og:site_name\" content=\"Ceramiche Piemme\" \/>\n<meta property=\"article:publisher\" content=\"https:\/\/www.facebook.com\/CeramichePiemme\/\" \/>\n<meta property=\"article:published_time\" content=\"2021-09-15T11:07:23+00:00\" \/>\n<meta property=\"article:modified_time\" content=\"2023-09-01T11:14:16+00:00\" \/>\n<meta property=\"og:image\" content=\"https:\/\/www.ceramiche-piemme.com\/wp-content\/uploads\/2023\/09\/ibla_news.jpg\" \/>\n\t<meta property=\"og:image:width\" content=\"800\" \/>\n\t<meta property=\"og:image:height\" content=\"533\" \/>\n\t<meta property=\"og:image:type\" content=\"image\/jpeg\" \/>\n<meta name=\"author\" content=\"fabio.lodirizzini@gmail.com\" \/>\n<meta name=\"twitter:card\" content=\"summary_large_image\" \/>\n<meta name=\"twitter:creator\" content=\"@CeramichePiemme\" \/>\n<meta name=\"twitter:site\" content=\"@CeramichePiemme\" \/>\n<meta name=\"twitter:label1\" content=\"Scritto da\" \/>\n\t<meta name=\"twitter:data1\" content=\"fabio.lodirizzini@gmail.com\" \/>\n<script type=\"application\/ld+json\" class=\"yoast-schema-graph\">{\"@context\":\"https:\/\/schema.org\",\"@graph\":[{\"@type\":\"Article\",\"@id\":\"https:\/\/www.ceramiche-piemme.com\/it\/ceramiche-piemme-presenta-ibla\/#article\",\"isPartOf\":{\"@id\":\"https:\/\/www.ceramiche-piemme.com\/it\/ceramiche-piemme-presenta-ibla\/\"},\"author\":{\"name\":\"fabio.lodirizzini@gmail.com\",\"@id\":\"https:\/\/www.ceramiche-piemme.com\/it\/#\/schema\/person\/008ed7c8109a1d83d7c5132a72fa85c1\"},\"headline\":\"CERAMICHE PIEMME PRESENTA IBLA\",\"datePublished\":\"2021-09-15T11:07:23+00:00\",\"dateModified\":\"2023-09-01T11:14:16+00:00\",\"mainEntityOfPage\":{\"@id\":\"https:\/\/www.ceramiche-piemme.com\/it\/ceramiche-piemme-presenta-ibla\/\"},\"wordCount\":241,\"commentCount\":0,\"publisher\":{\"@id\":\"https:\/\/www.ceramiche-piemme.com\/it\/#organization\"},\"image\":{\"@id\":\"https:\/\/www.ceramiche-piemme.com\/it\/ceramiche-piemme-presenta-ibla\/#primaryimage\"},\"thumbnailUrl\":\"https:\/\/www.ceramiche-piemme.com\/wp-content\/uploads\/2023\/09\/ibla_news.jpg\",\"articleSection\":[\"NEWS\"],\"inLanguage\":\"it-IT\",\"potentialAction\":[{\"@type\":\"CommentAction\",\"name\":\"Comment\",\"target\":[\"https:\/\/www.ceramiche-piemme.com\/it\/ceramiche-piemme-presenta-ibla\/#respond\"]}]},{\"@type\":\"WebPage\",\"@id\":\"https:\/\/www.ceramiche-piemme.com\/it\/ceramiche-piemme-presenta-ibla\/\",\"url\":\"https:\/\/www.ceramiche-piemme.com\/it\/ceramiche-piemme-presenta-ibla\/\",\"name\":\"CERAMICHE PIEMME PRESENTA IBLA - Ceramiche Piemme\",\"isPartOf\":{\"@id\":\"https:\/\/www.ceramiche-piemme.com\/it\/#website\"},\"primaryImageOfPage\":{\"@id\":\"https:\/\/www.ceramiche-piemme.com\/it\/ceramiche-piemme-presenta-ibla\/#primaryimage\"},\"image\":{\"@id\":\"https:\/\/www.ceramiche-piemme.com\/it\/ceramiche-piemme-presenta-ibla\/#primaryimage\"},\"thumbnailUrl\":\"https:\/\/www.ceramiche-piemme.com\/wp-content\/uploads\/2023\/09\/ibla_news.jpg\",\"datePublished\":\"2021-09-15T11:07:23+00:00\",\"dateModified\":\"2023-09-01T11:14:16+00:00\",\"breadcrumb\":{\"@id\":\"https:\/\/www.ceramiche-piemme.com\/it\/ceramiche-piemme-presenta-ibla\/#breadcrumb\"},\"inLanguage\":\"it-IT\",\"potentialAction\":[{\"@type\":\"ReadAction\",\"target\":[\"https:\/\/www.ceramiche-piemme.com\/it\/ceramiche-piemme-presenta-ibla\/\"]}]},{\"@type\":\"ImageObject\",\"inLanguage\":\"it-IT\",\"@id\":\"https:\/\/www.ceramiche-piemme.com\/it\/ceramiche-piemme-presenta-ibla\/#primaryimage\",\"url\":\"https:\/\/www.ceramiche-piemme.com\/wp-content\/uploads\/2023\/09\/ibla_news.jpg\",\"contentUrl\":\"https:\/\/www.ceramiche-piemme.com\/wp-content\/uploads\/2023\/09\/ibla_news.jpg\",\"width\":800,\"height\":533},{\"@type\":\"BreadcrumbList\",\"@id\":\"https:\/\/www.ceramiche-piemme.com\/it\/ceramiche-piemme-presenta-ibla\/#breadcrumb\",\"itemListElement\":[{\"@type\":\"ListItem\",\"position\":1,\"name\":\"Ceramiche Piemme\",\"item\":\"https:\/\/www.ceramiche-piemme.com\/it\/\"},{\"@type\":\"ListItem\",\"position\":2,\"name\":\"CERAMICHE PIEMME PRESENTA IBLA\"}]},{\"@type\":\"WebSite\",\"@id\":\"https:\/\/www.ceramiche-piemme.com\/it\/#website\",\"url\":\"https:\/\/www.ceramiche-piemme.com\/it\/\",\"name\":\"Ceramiche Piemme\",\"description\":\"Ceramiche Piemme: Gres Porcellanato Made in Italy dal 1962\",\"publisher\":{\"@id\":\"https:\/\/www.ceramiche-piemme.com\/it\/#organization\"},\"potentialAction\":[{\"@type\":\"SearchAction\",\"target\":{\"@type\":\"EntryPoint\",\"urlTemplate\":\"https:\/\/www.ceramiche-piemme.com\/it\/?s={search_term_string}\"},\"query-input\":{\"@type\":\"PropertyValueSpecification\",\"valueRequired\":true,\"valueName\":\"search_term_string\"}}],\"inLanguage\":\"it-IT\"},{\"@type\":\"Organization\",\"@id\":\"https:\/\/www.ceramiche-piemme.com\/it\/#organization\",\"name\":\"Ceramiche Piemme\",\"url\":\"https:\/\/www.ceramiche-piemme.com\/it\/\",\"logo\":{\"@type\":\"ImageObject\",\"inLanguage\":\"it-IT\",\"@id\":\"https:\/\/www.ceramiche-piemme.com\/it\/#\/schema\/logo\/image\/\",\"url\":\"http:\/\/www.ceramiche-piemme.com\/wp-content\/uploads\/2023\/06\/logo.jpg\",\"contentUrl\":\"http:\/\/www.ceramiche-piemme.com\/wp-content\/uploads\/2023\/06\/logo.jpg\",\"width\":522,\"height\":87,\"caption\":\"Ceramiche Piemme\"},\"image\":{\"@id\":\"https:\/\/www.ceramiche-piemme.com\/it\/#\/schema\/logo\/image\/\"},\"sameAs\":[\"https:\/\/www.facebook.com\/CeramichePiemme\/\",\"https:\/\/x.com\/CeramichePiemme\",\"https:\/\/it.pinterest.com\/ceramichepiemme\/\",\"https:\/\/www.youtube.com\/user\/CERAMICHEPIEMME\",\"https:\/\/www.instagram.com\/ceramichepiemme\/\",\"https:\/\/www.linkedin.com\/company\/9676212\/\",\"https:\/\/vimeo.com\/ceramichepiemme\"]},{\"@type\":\"Person\",\"@id\":\"https:\/\/www.ceramiche-piemme.com\/it\/#\/schema\/person\/008ed7c8109a1d83d7c5132a72fa85c1\",\"name\":\"fabio.lodirizzini@gmail.com\",\"image\":{\"@type\":\"ImageObject\",\"inLanguage\":\"it-IT\",\"@id\":\"https:\/\/www.ceramiche-piemme.com\/it\/#\/schema\/person\/image\/\",\"url\":\"https:\/\/secure.gravatar.com\/avatar\/9cd984998641e64eb557146bda0c021a407372d91e93b27ac8c9c54ed4f4b3fc?s=96&d=mm&r=g\",\"contentUrl\":\"https:\/\/secure.gravatar.com\/avatar\/9cd984998641e64eb557146bda0c021a407372d91e93b27ac8c9c54ed4f4b3fc?s=96&d=mm&r=g\",\"caption\":\"fabio.lodirizzini@gmail.com\"}}]}<\/script>\n<!-- \/ Yoast SEO plugin. -->","yoast_head_json":{"title":"CERAMICHE PIEMME PRESENTA IBLA - Ceramiche Piemme","robots":{"index":"index","follow":"follow","max-snippet":"max-snippet:-1","max-image-preview":"max-image-preview:large","max-video-preview":"max-video-preview:-1"},"canonical":"https:\/\/www.ceramiche-piemme.com\/it\/ceramiche-piemme-presenta-ibla\/","og_locale":"it_IT","og_type":"article","og_title":"CERAMICHE PIEMME PRESENTA IBLA - Ceramiche Piemme","og_description":"CERAMICHE PIEMME PRESENTA IBLA Alto artigianato artistico italiano e tecnologie digitali per la nuova linea di piastrelle in gr\u00e8s porcellanato IBLA di Ceramiche Piemme. La profondit\u00e0 [\u2026]","og_url":"https:\/\/www.ceramiche-piemme.com\/it\/ceramiche-piemme-presenta-ibla\/","og_site_name":"Ceramiche Piemme","article_publisher":"https:\/\/www.facebook.com\/CeramichePiemme\/","article_published_time":"2021-09-15T11:07:23+00:00","article_modified_time":"2023-09-01T11:14:16+00:00","og_image":[{"width":800,"height":533,"url":"https:\/\/www.ceramiche-piemme.com\/wp-content\/uploads\/2023\/09\/ibla_news.jpg","type":"image\/jpeg"}],"author":"fabio.lodirizzini@gmail.com","twitter_card":"summary_large_image","twitter_creator":"@CeramichePiemme","twitter_site":"@CeramichePiemme","twitter_misc":{"Scritto da":"fabio.lodirizzini@gmail.com"},"schema":{"@context":"https:\/\/schema.org","@graph":[{"@type":"Article","@id":"https:\/\/www.ceramiche-piemme.com\/it\/ceramiche-piemme-presenta-ibla\/#article","isPartOf":{"@id":"https:\/\/www.ceramiche-piemme.com\/it\/ceramiche-piemme-presenta-ibla\/"},"author":{"name":"fabio.lodirizzini@gmail.com","@id":"https:\/\/www.ceramiche-piemme.com\/it\/#\/schema\/person\/008ed7c8109a1d83d7c5132a72fa85c1"},"headline":"CERAMICHE PIEMME PRESENTA IBLA","datePublished":"2021-09-15T11:07:23+00:00","dateModified":"2023-09-01T11:14:16+00:00","mainEntityOfPage":{"@id":"https:\/\/www.ceramiche-piemme.com\/it\/ceramiche-piemme-presenta-ibla\/"},"wordCount":241,"commentCount":0,"publisher":{"@id":"https:\/\/www.ceramiche-piemme.com\/it\/#organization"},"image":{"@id":"https:\/\/www.ceramiche-piemme.com\/it\/ceramiche-piemme-presenta-ibla\/#primaryimage"},"thumbnailUrl":"https:\/\/www.ceramiche-piemme.com\/wp-content\/uploads\/2023\/09\/ibla_news.jpg","articleSection":["NEWS"],"inLanguage":"it-IT","potentialAction":[{"@type":"CommentAction","name":"Comment","target":["https:\/\/www.ceramiche-piemme.com\/it\/ceramiche-piemme-presenta-ibla\/#respond"]}]},{"@type":"WebPage","@id":"https:\/\/www.ceramiche-piemme.com\/it\/ceramiche-piemme-presenta-ibla\/","url":"https:\/\/www.ceramiche-piemme.com\/it\/ceramiche-piemme-presenta-ibla\/","name":"CERAMICHE PIEMME PRESENTA IBLA - Ceramiche Piemme","isPartOf":{"@id":"https:\/\/www.ceramiche-piemme.com\/it\/#website"},"primaryImageOfPage":{"@id":"https:\/\/www.ceramiche-piemme.com\/it\/ceramiche-piemme-presenta-ibla\/#primaryimage"},"image":{"@id":"https:\/\/www.ceramiche-piemme.com\/it\/ceramiche-piemme-presenta-ibla\/#primaryimage"},"thumbnailUrl":"https:\/\/www.ceramiche-piemme.com\/wp-content\/uploads\/2023\/09\/ibla_news.jpg","datePublished":"2021-09-15T11:07:23+00:00","dateModified":"2023-09-01T11:14:16+00:00","breadcrumb":{"@id":"https:\/\/www.ceramiche-piemme.com\/it\/ceramiche-piemme-presenta-ibla\/#breadcrumb"},"inLanguage":"it-IT","potentialAction":[{"@type":"ReadAction","target":["https:\/\/www.ceramiche-piemme.com\/it\/ceramiche-piemme-presenta-ibla\/"]}]},{"@type":"ImageObject","inLanguage":"it-IT","@id":"https:\/\/www.ceramiche-piemme.com\/it\/ceramiche-piemme-presenta-ibla\/#primaryimage","url":"https:\/\/www.ceramiche-piemme.com\/wp-content\/uploads\/2023\/09\/ibla_news.jpg","contentUrl":"https:\/\/www.ceramiche-piemme.com\/wp-content\/uploads\/2023\/09\/ibla_news.jpg","width":800,"height":533},{"@type":"BreadcrumbList","@id":"https:\/\/www.ceramiche-piemme.com\/it\/ceramiche-piemme-presenta-ibla\/#breadcrumb","itemListElement":[{"@type":"ListItem","position":1,"name":"Ceramiche Piemme","item":"https:\/\/www.ceramiche-piemme.com\/it\/"},{"@type":"ListItem","position":2,"name":"CERAMICHE PIEMME PRESENTA IBLA"}]},{"@type":"WebSite","@id":"https:\/\/www.ceramiche-piemme.com\/it\/#website","url":"https:\/\/www.ceramiche-piemme.com\/it\/","name":"Ceramiche Piemme","description":"Ceramiche Piemme: Gres Porcellanato Made in Italy dal 1962","publisher":{"@id":"https:\/\/www.ceramiche-piemme.com\/it\/#organization"},"potentialAction":[{"@type":"SearchAction","target":{"@type":"EntryPoint","urlTemplate":"https:\/\/www.ceramiche-piemme.com\/it\/?s={search_term_string}"},"query-input":{"@type":"PropertyValueSpecification","valueRequired":true,"valueName":"search_term_string"}}],"inLanguage":"it-IT"},{"@type":"Organization","@id":"https:\/\/www.ceramiche-piemme.com\/it\/#organization","name":"Ceramiche Piemme","url":"https:\/\/www.ceramiche-piemme.com\/it\/","logo":{"@type":"ImageObject","inLanguage":"it-IT","@id":"https:\/\/www.ceramiche-piemme.com\/it\/#\/schema\/logo\/image\/","url":"http:\/\/www.ceramiche-piemme.com\/wp-content\/uploads\/2023\/06\/logo.jpg","contentUrl":"http:\/\/www.ceramiche-piemme.com\/wp-content\/uploads\/2023\/06\/logo.jpg","width":522,"height":87,"caption":"Ceramiche Piemme"},"image":{"@id":"https:\/\/www.ceramiche-piemme.com\/it\/#\/schema\/logo\/image\/"},"sameAs":["https:\/\/www.facebook.com\/CeramichePiemme\/","https:\/\/x.com\/CeramichePiemme","https:\/\/it.pinterest.com\/ceramichepiemme\/","https:\/\/www.youtube.com\/user\/CERAMICHEPIEMME","https:\/\/www.instagram.com\/ceramichepiemme\/","https:\/\/www.linkedin.com\/company\/9676212\/","https:\/\/vimeo.com\/ceramichepiemme"]},{"@type":"Person","@id":"https:\/\/www.ceramiche-piemme.com\/it\/#\/schema\/person\/008ed7c8109a1d83d7c5132a72fa85c1","name":"fabio.lodirizzini@gmail.com","image":{"@type":"ImageObject","inLanguage":"it-IT","@id":"https:\/\/www.ceramiche-piemme.com\/it\/#\/schema\/person\/image\/","url":"https:\/\/secure.gravatar.com\/avatar\/9cd984998641e64eb557146bda0c021a407372d91e93b27ac8c9c54ed4f4b3fc?s=96&d=mm&r=g","contentUrl":"https:\/\/secure.gravatar.com\/avatar\/9cd984998641e64eb557146bda0c021a407372d91e93b27ac8c9c54ed4f4b3fc?s=96&d=mm&r=g","caption":"fabio.lodirizzini@gmail.com"}}]}},"_links":{"self":[{"href":"https:\/\/www.ceramiche-piemme.com\/it\/wp-json\/wp\/v2\/posts\/2239","targetHints":{"allow":["GET"]}}],"collection":[{"href":"https:\/\/www.ceramiche-piemme.com\/it\/wp-json\/wp\/v2\/posts"}],"about":[{"href":"https:\/\/www.ceramiche-piemme.com\/it\/wp-json\/wp\/v2\/types\/post"}],"author":[{"embeddable":true,"href":"https:\/\/www.ceramiche-piemme.com\/it\/wp-json\/wp\/v2\/users\/1"}],"replies":[{"embeddable":true,"href":"https:\/\/www.ceramiche-piemme.com\/it\/wp-json\/wp\/v2\/comments?post=2239"}],"version-history":[{"count":4,"href":"https:\/\/www.ceramiche-piemme.com\/it\/wp-json\/wp\/v2\/posts\/2239\/revisions"}],"predecessor-version":[{"id":2244,"href":"https:\/\/www.ceramiche-piemme.com\/it\/wp-json\/wp\/v2\/posts\/2239\/revisions\/2244"}],"wp:featuredmedia":[{"embeddable":true,"href":"https:\/\/www.ceramiche-piemme.com\/it\/wp-json\/wp\/v2\/media\/2240"}],"wp:attachment":[{"href":"https:\/\/www.ceramiche-piemme.com\/it\/wp-json\/wp\/v2\/media?parent=2239"}],"wp:term":[{"taxonomy":"category","embeddable":true,"href":"https:\/\/www.ceramiche-piemme.com\/it\/wp-json\/wp\/v2\/categories?post=2239"},{"taxonomy":"post_tag","embeddable":true,"href":"https:\/\/www.ceramiche-piemme.com\/it\/wp-json\/wp\/v2\/tags?post=2239"}],"curies":[{"name":"wp","href":"https:\/\/api.w.org\/{rel}","templated":true}]}}